{"id":4260,"date":"2020-08-06T21:07:11","date_gmt":"2020-08-07T00:07:11","guid":{"rendered":"http:\/\/magistradoscorrientes.com\/magistrados\/?p=4260"},"modified":"2020-11-16T22:37:55","modified_gmt":"2020-11-17T01:37:55","slug":"en-reunion-de-cd-se-aprobo-adquirir-terreno-en-santa-catalina-para-el-colegio","status":"publish","type":"post","link":"https:\/\/magistradoscorrientes.com\/magistrados\/en-reunion-de-cd-se-aprobo-adquirir-terreno-en-santa-catalina-para-el-colegio\/","title":{"rendered":"En reuni\u00f3n de CD, se aprob\u00f3 adquirir terreno en Santa Catalina para el Colegio"},"content":{"rendered":"\n<p><br>En la \u00faltima reuni\u00f3n de Comisi\u00f3n Directiva del Colegio llevada a cabo el viernes 31 de Julio, encabezada por la Presidente de la Instituci\u00f3n, Doctora Luz Masferrer se aprob\u00f3 en forma un\u00e1nime, la compra de un terreno ubicado en el predio de Santa Catalina en la Ciudad de Corrientes.<\/p>\n\n\n\n<p>Para dar tratamiento al punto segundo del orden del d\u00eda se convoc\u00f3 a la Escribana Cecilia P\u00e9rez Gonz\u00e1lez para que labre el acta notarial, certificando la decisi\u00f3n de los vocales titulares.&nbsp;<\/p>\n\n\n\n<p>De esta manera, y por gestiones de la actual Comisi\u00f3n Directiva se concretar\u00e1 la adquisici\u00f3n de un bien inmueble, cumplimentando con los requisitos correspondientes para la compra definitiva del mismo.<br>\u2018\u2019Es muy buena oportunidad para la Instituci\u00f3n de adquirir este terreno. Es aumentar el patrimonio de la instituci\u00f3n con un bien inmueble que ampliar\u00e1 los espacios para el uso de los asociados\u2019\u2019, expres\u00f3 la Presidente del Colegio, Dra Luz Masferrer.<\/p>\n\n\n\n<p>\u201cEs un largo anhelo del Colegio, una idea que fue gestada en anteriores comisiones directivas desde hace largos a\u00f1os, inici\u00e1ndose el ahorro para este objetivo, lo que fue continuado durante nuestra gesti\u00f3n, cuidando siempre los intereses de los asociados. Es una felicidad poder concretar este logro para la instituci\u00f3n\u2019\u2019, finaliz\u00f3 la Presidente Masferrer.<\/p>\n\n\n\n<p>Puntualmente, se trata de un terreno de una extensi\u00f3n de aproximadamente una hect\u00e1rea y media, ubicado sobre Avenida Maip\u00fa, despu\u00e9s del ingreso al barrio Santa Catalina. El predio cuenta con servicios de agua potable, cloaca, sanitarios, luz el\u00e9ctrica, colectivos urbanos, acceso y salida r\u00e1pida.<\/p>\n\n\n\n<p>\u2018\u2019Es un paso enorme y trascendente para todos. Cost\u00f3 mucho conseguir el mismo con las caracter\u00edsticas de este terreno\u201d, expres\u00f3 el Tesorero del Colegio, Doctor Diego N\u00fa\u00f1ez Huel. Y agreg\u00f3 \u2018\u2019manejamos una superficie real superior a la hect\u00e1rea y media\u2019\u2019.&nbsp;<\/p>\n\n\n\n<p>Desde la Presidencia se destaca la intervenci\u00f3n del Se\u00f1or Tesorero en los detalles del acuerdo y todas las gestiones realizadas, y se celebra con mucha alegr\u00eda el respaldo de todos los integrantes de Comisi\u00f3n Directiva. Los pasos que siguen para concretar la adquisici\u00f3n del bien ser\u00e1n comunicados a los asociados una vez realizados y se invitar\u00e1 a visitar el predio, cuando las condiciones de aislamiento lo permitan.<\/p>\n","protected":false},"excerpt":{"rendered":"<p>En la \u00faltima reuni\u00f3n de Comisi\u00f3n Directiva del Colegio llevada a cabo el viernes 31 de Julio, encabezada por la Presidente de la Instituci\u00f3n, Doctora Luz Masferrer se aprob\u00f3 en forma un\u00e1nime, la compra de un terreno ubicado en el predio de Santa Catalina en la Ciudad de Corrientes. Para dar tratamiento al punto segundo del orden del d\u00eda se [&hellip;]<\/p>\n","protected":false},"author":1,"featured_media":4248,"comment_status":"closed","ping_status":"open","sticky":false,"template":"","format":"standard","meta":{"ngg_post_thumbnail":0},"categories":[13],"tags":[],"_links":{"self":[{"href":"https:\/\/magistradoscorrientes.com\/magistrados\/wp-json\/wp\/v2\/posts\/4260"}],"collection":[{"href":"https:\/\/magistradoscorrientes.com\/magistrados\/wp-json\/wp\/v2\/posts"}],"about":[{"href":"https:\/\/magistradoscorrientes.com\/magistrados\/wp-json\/wp\/v2\/types\/post"}],"author":[{"embeddable":true,"href":"https:\/\/magistradoscorrientes.com\/magistrados\/wp-json\/wp\/v2\/users\/1"}],"replies":[{"embeddable":true,"href":"https:\/\/magistradoscorrientes.com\/magistrados\/wp-json\/wp\/v2\/comments?post=4260"}],"version-history":[{"count":1,"href":"https:\/\/magistradoscorrientes.com\/magistrados\/wp-json\/wp\/v2\/posts\/4260\/revisions"}],"predecessor-version":[{"id":4261,"href":"https:\/\/magistradoscorrientes.com\/magistrados\/wp-json\/wp\/v2\/posts\/4260\/revisions\/4261"}],"wp:featuredmedia":[{"embeddable":true,"href":"https:\/\/magistradoscorrientes.com\/magistrados\/wp-json\/wp\/v2\/media\/4248"}],"wp:attachment":[{"href":"https:\/\/magistradoscorrientes.com\/magistrados\/wp-json\/wp\/v2\/media?parent=4260"}],"wp:term":[{"taxonomy":"category","embeddable":true,"href":"https:\/\/magistradoscorrientes.com\/magistrados\/wp-json\/wp\/v2\/categories?post=4260"},{"taxonomy":"post_tag","embeddable":true,"href":"https:\/\/magistradoscorrientes.com\/magistrados\/wp-json\/wp\/v2\/tags?post=4260"}],"curies":[{"name":"wp","href":"https:\/\/api.w.org\/{rel}","templated":true}]}}