{"id":4262,"date":"2020-08-06T21:10:53","date_gmt":"2020-08-07T00:10:53","guid":{"rendered":"http:\/\/magistradoscorrientes.com\/magistrados\/?p=4262"},"modified":"2020-11-16T22:37:50","modified_gmt":"2020-11-17T01:37:50","slug":"balance-de-comision-directiva-julio-2020","status":"publish","type":"post","link":"https:\/\/magistradoscorrientes.com\/magistrados\/balance-de-comision-directiva-julio-2020\/","title":{"rendered":"Balance de Comisi\u00f3n Directiva \u2013 Julio 2020"},"content":{"rendered":"\n<p><br>El viernes 31 de julio se llev\u00f3 a cabo a trav\u00e9s de la plataforma virtual Google Meet, el encuentro mensual de la Comisi\u00f3n Directiva del Colegio de Magistrados y Funcionarios del Poder Judicial de la Provincia de Corrientes, encabezada por la presidente, doctora Luz Gabriela Masferrer, acompa\u00f1ada en la sala virtual por Asociados de Capital y el interior.<\/p>\n\n\n\n<p>El punto central tratado en la reuni\u00f3n fue la adquisici\u00f3n de un terreno en Santa Catalina, tema que fue aprobado por los participantes, con registro notarial de su tratamiento.<\/p>\n\n\n\n<p>Desde la Presidencia se destac\u00f3 que la operaci\u00f3n es una buena oportunidad para el Colegio y permite cumplir un largo anhelo de esta instituci\u00f3n de poder ampliar sus espacios. Y luego de especificar las caracter\u00edsticas del bien, el doctor Diego Nu\u00f1ez Huel expres\u00f3: \u00abfue dificultoso conseguir el predio, el mismo tiene una extensi\u00f3n de aproximadamente una hect\u00e1rea y media, ubicado sobre Avenida Maip\u00fa, despu\u00e9s del ingreso al barrio Santa Catalina, frente al barrio Dr. Monta\u00f1a, est\u00e1 casi a la misma altura de la avenida y detr\u00e1s pasa el Riachuelo\u00bb.&nbsp;<\/p>\n\n\n\n<p>Tras el intercambio de ideas y opiniones se puso a consideraci\u00f3n de los asistentes la votaci\u00f3n de la compra del terreno ubicado en Santa Catalina, iniciativa que fue a aceptada POR UNANIMIDAD.<\/p>\n\n\n\n<p>Entre los temas del interior se dio tratamiento a lo expuesto por el doctor Moreyra, quien present\u00f3 las inquietudes de la Dra Borgo, Juez Civil, Comercial y Laboral de Santo Tom\u00e9, respecto de subrogancias y refacciones edilicias, lo que ser\u00e1 gestionado ante el Superior Tribunal de Justicia y la Direcci\u00f3n de Arquitectura, inform\u00e1ndose luego a la asociada.<\/p>\n\n\n\n<p>El doctor Eugenio Balbastro, reiter\u00f3 su pedido de la existencia de C\u00e1mara Gesell en su localidad.<\/p>\n\n\n\n<p>Referido a la Justicia de Paz, el doctor Diego Pedrozo coment\u00f3 estar trabajando con el doctor Modenutti y doctor Aquino en el tema de la Ley de Justicia de Paz. En ese marco se solicit\u00f3 la posibilidad de utilizar la plataforma ofrecida por editorial contexto para capacitaci\u00f3n de la Justicia de Paz en forma virtual, lo que fue aceptado.<\/p>\n\n\n\n<p>En el informe de presidencia, la doctora Masferrer se\u00f1al\u00f3 que se obtuvo Declaraci\u00f3n de Inter\u00e9s al STJ y a la Fiscal\u00eda General para el \u201cCurso de entrenamiento en audiencia preliminares\u201d, dictado por el doctor Ram\u00edrez Orellana, organizado por el Colegio para las dos \u00faltimas semanas de agosto, a iniciativa de los doctores Mar\u00eda Jos\u00e9 Barrero y Nu\u00f1ez Huel, y que es exclusivo para asociados.&nbsp;<\/p>\n\n\n\n<p>Se procedi\u00f3 a la lectura a la convocatoria N\u00ba 1 del 2020 del Consejo de la Magistratura, un llamado a concurso para juez de TOP y Defensor Penal en la localidad de Goya, y Asesor\u00eda en Monte Caseros.<\/p>\n\n\n\n<p>En materia de actividades acad\u00e9micas, la Dra Masferrer comunic\u00f3 la realizaci\u00f3n de los cursos de Derecho Procesal Penal por los doctores Juan Ram\u00f3n Alegre y Gabriela Aromi, y se inform\u00f3 que para los meses de septiembre y octubre se llevar\u00e1 adelante una nueva etapa de esa capacitaci\u00f3n, organizada por el doctor Balbastro.<\/p>\n\n\n\n<p>Se inform\u00f3 sobre el desarrollo del Curso de \u00abHerramientas para Casos Penales en el contexto de violencia de g\u00e9nero\u00bb, que dicta el profesor Morel Quirno, con importante concurrencia.<\/p>\n\n\n\n<p>Tambi\u00e9n se coment\u00f3 una propuesta de Ulises Abarza, para organizar charlas cortas por medio de zoom, destinadas a 24 participantes (los que caben en la pantalla del zoom para permitir que todos se vean), con la tem\u00e1tica: \u201cReconexi\u00f3n virtual\u201d. La oferta fue de agrado y se estudiar\u00edan fechas y horarios para la concreci\u00f3n.<\/p>\n\n\n\n<p>Otro punto de comentario fueron las diversas situaciones que se est\u00e1n presentando en las provincias en las que FAM est\u00e1 interviniendo y emitiendo comunicados, como por ejemplo: eliminaci\u00f3n de Consejo de la Magistratura en Catamarca, Ley de emergencia que recorta sueldos en Entre R\u00edos, Retraso de sueldo y mal clima institucional en Chubut, eliminaci\u00f3n de equiparaci\u00f3n a sueldos federales en C\u00f3rdoba.<\/p>\n","protected":false},"excerpt":{"rendered":"<p>El viernes 31 de julio se llev\u00f3 a cabo a trav\u00e9s de la plataforma virtual Google Meet, el encuentro mensual de la Comisi\u00f3n Directiva del Colegio de Magistrados y Funcionarios del Poder Judicial de la Provincia de Corrientes, encabezada por la presidente, doctora Luz Gabriela Masferrer, acompa\u00f1ada en la sala virtual por Asociados de Capital y el interior. El punto [&hellip;]<\/p>\n","protected":false},"author":1,"featured_media":4247,"comment_status":"closed","ping_status":"open","sticky":false,"template":"","format":"standard","meta":{"ngg_post_thumbnail":0},"categories":[13],"tags":[],"_links":{"self":[{"href":"https:\/\/magistradoscorrientes.com\/magistrados\/wp-json\/wp\/v2\/posts\/4262"}],"collection":[{"href":"https:\/\/magistradoscorrientes.com\/magistrados\/wp-json\/wp\/v2\/posts"}],"about":[{"href":"https:\/\/magistradoscorrientes.com\/magistrados\/wp-json\/wp\/v2\/types\/post"}],"author":[{"embeddable":true,"href":"https:\/\/magistradoscorrientes.com\/magistrados\/wp-json\/wp\/v2\/users\/1"}],"replies":[{"embeddable":true,"href":"https:\/\/magistradoscorrientes.com\/magistrados\/wp-json\/wp\/v2\/comments?post=4262"}],"version-history":[{"count":1,"href":"https:\/\/magistradoscorrientes.com\/magistrados\/wp-json\/wp\/v2\/posts\/4262\/revisions"}],"predecessor-version":[{"id":4263,"href":"https:\/\/magistradoscorrientes.com\/magistrados\/wp-json\/wp\/v2\/posts\/4262\/revisions\/4263"}],"wp:featuredmedia":[{"embeddable":true,"href":"https:\/\/magistradoscorrientes.com\/magistrados\/wp-json\/wp\/v2\/media\/4247"}],"wp:attachment":[{"href":"https:\/\/magistradoscorrientes.com\/magistrados\/wp-json\/wp\/v2\/media?parent=4262"}],"wp:term":[{"taxonomy":"category","embeddable":true,"href":"https:\/\/magistradoscorrientes.com\/magistrados\/wp-json\/wp\/v2\/categories?post=4262"},{"taxonomy":"post_tag","embeddable":true,"href":"https:\/\/magistradoscorrientes.com\/magistrados\/wp-json\/wp\/v2\/tags?post=4262"}],"curies":[{"name":"wp","href":"https:\/\/api.w.org\/{rel}","templated":true}]}}