{"id":4264,"date":"2020-08-05T21:12:25","date_gmt":"2020-08-06T00:12:25","guid":{"rendered":"http:\/\/magistradoscorrientes.com\/magistrados\/?p=4264"},"modified":"2020-11-16T22:38:52","modified_gmt":"2020-11-17T01:38:52","slug":"curso-de-entrenamiento-en-audiencias-preliminares","status":"publish","type":"post","link":"https:\/\/magistradoscorrientes.com\/magistrados\/curso-de-entrenamiento-en-audiencias-preliminares\/","title":{"rendered":"Curso de Entrenamiento en Audiencias Preliminares"},"content":{"rendered":"\n<p><br>El Colegio de Magistrados y Funcionarios del Poder Judicial de Corrientes invita a la segunda parte del Curso de Entrenamiento en Audiencias Preliminares que estar\u00e1 a cargo del Profesor Jonathan Ram\u00edrez Orellana (Chile).\u00a0<\/p>\n\n\n\n<p>Los encuentros en esta segunda etapa &#8211; previa acreditaci\u00f3n de la asistencia a las charlas preparatorias o a cualquier curso o conferencia orientado al Sistema Acusatorio (ver aclaraciones al final de la nota)- ser\u00e1n a trav\u00e9s de la plataforma virtual Alacipe, del 17 al 29 de agosto, en dos clases semanales.<\/p>\n\n\n\n<p>Cabe aclarar que el costo total del curso ha sido subsidiado por el Colegio. A los Asociados se le cobrar\u00e1 $4.000, haciendo entrega al final del cursado del certificado de asistencia. Es exclusivo para Asociados.<\/p>\n\n\n\n<p>Es importante la inscripci\u00f3n previa enviando un correo con los datos personales a secretariacolegiomagistrados@gmail.com, adem\u00e1s de optar por una de las siguientes \u00e1reas, abord\u00e1ndose cada una de \u00e9stas por separado, con un m\u00e1ximo de 20 alumnos por cada uno:<\/p>\n\n\n\n<p>1 &#8211; MINISTERIO P\u00daBLICO FISCAL&nbsp;<br>2- JUECES&nbsp;<br>3- MINISTERIO P\u00daBLICO DE LA DEFENSA&nbsp;<\/p>\n\n\n\n<p>1.- Introducci\u00f3n: El Proceso acusatorio implica una serie de cambios estructurales y funcionales en las instituciones que constituyen este sistema de resoluci\u00f3n de conflictos penales.<br>No obstante, desde una perspectiva epistemol\u00f3gica implica tambi\u00e9n un cambio radical en torno a la cuesti\u00f3n de la construcci\u00f3n de la verdad judicial, pasando de la \u201cb\u00fasqueda de la verdad material\u201d a la construcci\u00f3n dial\u00e9ctica de los hechos en el marco de un proceso fundamentalmente contradictorio.<br>Es en este contexto que aparece la necesidad de manejar las t\u00e9cnicas adecuadas para generar informaci\u00f3n de calidad durante el proceso y especialmente en el juicio.<br>Estas herramientas son t\u00e9cnicas de litigaci\u00f3n estrat\u00e9gica que permitir\u00e1n al litigante no s\u00f3lo introducir la informaci\u00f3n necesaria para su construcci\u00f3n f\u00e1ctica, sino que adem\u00e1s controvertir la informaci\u00f3n ingresada por la contraparte.<br>En el caso de la defensa y la fiscal\u00eda es particularmente necesaria la comprensi\u00f3n de los procesos de construcci\u00f3n de esa verdad procesal y el manejo de las t\u00e9cnicas adecuadas para la producci\u00f3n de la informaci\u00f3n en que se sustenta.&nbsp;<\/p>\n\n\n\n<p>2.- Metodolog\u00eda: El entrenamiento comprender\u00e1 una etapa de preparaci\u00f3n previa, consistente en la revisi\u00f3n de material audiovisual y de lectura sobre litigaci\u00f3n y audiencias previas. En una segunda etapa, se trabajar\u00e1 en un taller en el cual los asistentes deber\u00e1n participar activamente. Los temas a revisar ser\u00e1n: teor\u00eda del caso, alegato de apertura, examen directo, contraexamen, alegato de clausura y audiencias preliminares (incluye suspensi\u00f3n de juicio a prueba). El mismo tiene una orientaci\u00f3n pr\u00e1ctica y ser\u00e1 abordado en la modalidad virtual, en DOS jornadas vespertinas semanales, de 4 hrs. cada una.<\/p>\n\n\n\n<p>3.- Docente: JONATAN RAMIREZ ORELLANA<\/p>\n\n\n\n<p>Abogado. Estudi\u00f3 en la Facultad de Derecho de la Universidad de Chile. Diplomado de Estudios Superiores en Derecho P\u00fablico de la Universidad Aut\u00f3noma de Barcelona. M\u00e1ster en Especializaci\u00f3n en Derecho Penal y Ciencias Penales de la Universidad de Barcelona y la Universidad Pompeu Fabra. Diplomado en Litigaci\u00f3n Oral en lo Penal de la Universidad de Buenos Aires. Se desempe\u00f1\u00f3 como Abogado Defensor en la Defensor\u00eda Penal P\u00fablica, Regi\u00f3n de Magallanes, Chile, 2004-2006; como abogado Defensor Jefe de la Defensor\u00eda Penal P\u00fablica de Curacav\u00ed, Regi\u00f3n Metropolitana, Chile 2007; como Sub-jefe Nacional del Departamento de Estudios y Proyectos de la Defensor\u00eda Penal P\u00fablica de Chile 2008; como Jefe de la Unidad de Estudios de la Defensor\u00eda Penal P\u00fablica, Regi\u00f3n de Magallanes 2009-2010 y como Jefe de la Unidad de Estudios de la Defensor\u00eda Penal P\u00fablica, Regi\u00f3n de Los Lagos, Chile, 2010-2013. Durante estos periodos, realiz\u00f3 una serie de capacitaciones a defensores en materias penales y procesales. Adem\u00e1s, se desempe\u00f1\u00f3 como docente de Filosof\u00eda Pol\u00edtica en la Universidad de Magallanes. De 2014 a la fecha, se desempe\u00f1a como docente en t\u00e9cnicas de litigaci\u00f3n y derecho procesal penal en cursos dirigidos a jueces, fiscales y defensores para instituciones como Inecip, Ceja Am\u00e9ricas, Ministerio de Justicia de la Naci\u00f3n, Defensor\u00eda General de la Naci\u00f3n, Procuradur\u00eda General de la Naci\u00f3n, Poder Judicial de la Provincia de Buenos Aires, Defensor\u00eda Provincial de Neuqu\u00e9n Consejo de la Magistratura de la Ciudad de Buenos Aires, Defensor\u00eda Provincial de Chubut, Universidad Cat\u00f3lica de Rosario, Universidad Nacional Noroeste Buenos Aires, Abaroli Per\u00fa, Asociaci\u00f3n Argentina de Juicios por Jurados, Ministerio P\u00fablico Fiscal del Uruguay y la Defensor\u00eda Penal P\u00fablica de Chile, entre otras. Estas actividades se han llevado a cabo en las localidades como San Isidro, Mor\u00f3n, Quilmes, Pergamino, San Mart\u00edn, Rosario, Salta, Jujuy, Corrientes, Posadas, Mendoza, Neuqu\u00e9n, Comodoro Rivadavia, Viedma y Cipolletti entre otras en Argentina, adem\u00e1s de Chile, Uruguay y Per\u00fa. Se desempe\u00f1\u00f3 tambi\u00e9n como docente en posgrado en t\u00e9cnicas de litigaci\u00f3n en la Universidad de Buenos Aires.<\/p>\n\n\n\n<p>4.- CRONOGRAMA:<br>Las clases se desarrollar\u00e1n en cuatro encuentros, dos veces por semana para cada grupo durante la segunda quincena del mes de agosto del presente a\u00f1o. Cada encuentro ser\u00e1 de cuatro horas. Cumpliendo un total de 16 horas c\u00e1tedra.<br>Los d\u00edas martes 18\/08 y 25\/08 desde las 16:30 hasta las 20:30 horas y los d\u00edas s\u00e1bado 22\/08 y 29\/8 de 09:00 hasta las 13:00 horas para MINISTERIO PUBLICO DE LA DEFENSA.<br>Los d\u00edas lunes 17\/08 y 24\/08 y jueves 20\/08 y 27\/08 desde las 16:30 hasta las 20:30 horas para JUECES.<br>Los d\u00edas mi\u00e9rcoles 19\/08 y 26\/08 y viernes 21\/08 y 28\/08 desde las 16:30 horas hasta las 20:30 para MINISTERIO PUBLICO FISCAL.<\/p>\n\n\n\n<p>Notas Aclaratorias:<br>1 &#8211; La acreditaci\u00f3n de cualquier curso o conferencia orientado al Sistema Acusatorio se podr\u00e1 hacer adjuntando en el correo de inscripci\u00f3n la certificaci\u00f3n correspondiente.<br>2 &#8211; Al enviar los a datos de inscripci\u00f3n, elegir un d\u00eda y horario de cursado.<br>3- Es CUPO LIMITADO. Costo $4000 por Asociado. Se entregar\u00e1 certificado.<\/p>\n","protected":false},"excerpt":{"rendered":"<p>El Colegio de Magistrados y Funcionarios del Poder Judicial de Corrientes invita a la segunda parte del Curso de Entrenamiento en Audiencias Preliminares que estar\u00e1 a cargo del Profesor Jonathan Ram\u00edrez Orellana (Chile).\u00a0 Los encuentros en esta segunda etapa &#8211; previa acreditaci\u00f3n de la asistencia a las charlas preparatorias o a cualquier curso o conferencia orientado al Sistema Acusatorio (ver [&hellip;]<\/p>\n","protected":false},"author":1,"featured_media":4246,"comment_status":"closed","ping_status":"open","sticky":false,"template":"","format":"standard","meta":{"ngg_post_thumbnail":0},"categories":[13],"tags":[],"_links":{"self":[{"href":"https:\/\/magistradoscorrientes.com\/magistrados\/wp-json\/wp\/v2\/posts\/4264"}],"collection":[{"href":"https:\/\/magistradoscorrientes.com\/magistrados\/wp-json\/wp\/v2\/posts"}],"about":[{"href":"https:\/\/magistradoscorrientes.com\/magistrados\/wp-json\/wp\/v2\/types\/post"}],"author":[{"embeddable":true,"href":"https:\/\/magistradoscorrientes.com\/magistrados\/wp-json\/wp\/v2\/users\/1"}],"replies":[{"embeddable":true,"href":"https:\/\/magistradoscorrientes.com\/magistrados\/wp-json\/wp\/v2\/comments?post=4264"}],"version-history":[{"count":1,"href":"https:\/\/magistradoscorrientes.com\/magistrados\/wp-json\/wp\/v2\/posts\/4264\/revisions"}],"predecessor-version":[{"id":4265,"href":"https:\/\/magistradoscorrientes.com\/magistrados\/wp-json\/wp\/v2\/posts\/4264\/revisions\/4265"}],"wp:featuredmedia":[{"embeddable":true,"href":"https:\/\/magistradoscorrientes.com\/magistrados\/wp-json\/wp\/v2\/media\/4246"}],"wp:attachment":[{"href":"https:\/\/magistradoscorrientes.com\/magistrados\/wp-json\/wp\/v2\/media?parent=4264"}],"wp:term":[{"taxonomy":"category","embeddable":true,"href":"https:\/\/magistradoscorrientes.com\/magistrados\/wp-json\/wp\/v2\/categories?post=4264"},{"taxonomy":"post_tag","embeddable":true,"href":"https:\/\/magistradoscorrientes.com\/magistrados\/wp-json\/wp\/v2\/tags?post=4264"}],"curies":[{"name":"wp","href":"https:\/\/api.w.org\/{rel}","templated":true}]}}