{"id":4266,"date":"2020-07-28T21:14:31","date_gmt":"2020-07-29T00:14:31","guid":{"rendered":"http:\/\/magistradoscorrientes.com\/magistrados\/?p=4266"},"modified":"2020-11-16T22:38:02","modified_gmt":"2020-11-17T01:38:02","slug":"la-crisis-por-pandemia-covid-19-y-los-poderes-judiciales-en-la-sociedad","status":"publish","type":"post","link":"https:\/\/magistradoscorrientes.com\/magistrados\/la-crisis-por-pandemia-covid-19-y-los-poderes-judiciales-en-la-sociedad\/","title":{"rendered":"La crisis por pandemia COVID-19 y los Poderes Judiciales en la sociedad"},"content":{"rendered":"\n<p><br>La Federaci\u00f3n Argentina de la Magistratura y la Funci\u00f3n Judicial dio a conocer un comunicado donde se pronuncia acerca de la actual\u00a0crisis originada por pandemia de COVID-19 en el mundo y sus consecuencias en nuestro pa\u00eds. Por ello, consideran necesario mirar con detenimiento el rol que, en esta coyuntura hist\u00f3rica, toca asumir a los Poderes Judiciales en la sociedad.<\/p>\n\n\n\n<p>El comunicado es el siguiente:&nbsp;<br>Crisis sanitaria, econ\u00f3mica y social y necesidad de fortalecimiento<br>institucional<\/p>\n\n\n\n<p>La actual crisis originada por pandemia de COVID-19 en el mundo y sus consecuencias en nuestro pa\u00eds,&nbsp; tornan necesario mirar con detenimiento el&nbsp; rol que, en esta coyuntura hist\u00f3rica, toca asumir a los Poderes Judiciales en la sociedad.<\/p>\n\n\n\n<p>A los sistemas judiciales corresponde gestionar la conflictividad generada por la actual situaci\u00f3n sanitaria, econ\u00f3mica y social, para asegurar la paz social, la seguridad jur\u00eddica y el bienestar general.<\/p>\n\n\n\n<p>A las dificultades existentes para prestar el servicio de justicia en el contexto de esta grave crisis con medidas de aislamiento y distanciamiento&nbsp; social se suman serias afectaciones a la independencia judicial. La generalizaci\u00f3n de estos ataques lleva a remarcar la necesidad de fortalecer las instituciones del Estado de Derecho resguardando la independencia judicial de hostigamientos externos e internos.<\/p>\n\n\n\n<p>En el corto per\u00edodo de tiempo que lleva la crisis sanitaria en la Rep\u00fablica Argentina se han presentado: ataques y amenazas a magistrados y magistradas por el ejercicio de su funci\u00f3n (Misiones); proyecto de reforma integral de la justicia y derogaci\u00f3n de la ley que regulaba el sistema de selecci\u00f3n de magistrados por el Consejo de la Magistratura (Catamarca); atrasos prolongados en el cobro de haberes con afectaci\u00f3n al ejercicio de las funciones; tentativas por parte del Poder Ejecutivo provincial de reducir el presupuesto del Poder Judicial y los sueldos de la magistratura&nbsp; y&nbsp; funcionariado judicial&nbsp; (Chubut);&nbsp; descalificaciones y&nbsp; denuncias a magistrados por decisiones dictadas en el&nbsp;&nbsp; ejercicio de su funci\u00f3n (Chubut, Tucum\u00e1n);&nbsp; descalificaciones&nbsp; por&nbsp; parte&nbsp; del&nbsp; P.E.N.&nbsp; hacia&nbsp; la&nbsp; actuaci\u00f3n&nbsp; de&nbsp; un magistrado provincial en una causa concursal (Santa Fe); inconsistencias en los modos de selecci\u00f3n y designaci\u00f3n de una integrante de una Corte provincial (Mendoza);&nbsp; reformas&nbsp; legislativas&nbsp; en&nbsp; materia&nbsp; previsional&nbsp; y&nbsp; remuneratorias&nbsp; que atentan contra las garant\u00edas b\u00e1sicas que prev\u00e9 la Constituci\u00f3n nacional (provincias regidas por la ley 24.018, C\u00f3rdoba y Entre R\u00edos); crisis y malestares por los modos de desenvolvimiento y adaptaci\u00f3n a las medidas de bioseguridad de la actividad de los poderes judiciales; acciones sucedidas en distintas provincias tendientes a ejercer presi\u00f3n sobre magistrados en las resoluciones sobre excarcelaciones y&nbsp;&nbsp; prisiones domiciliarias durante el per\u00edodo de pandemia provenientes de sectores pol\u00edticos difundidas por&nbsp; medios de&nbsp; comunicaci\u00f3n, que&nbsp; motorizan pedidos de&nbsp; informes&nbsp; y declaraciones p\u00fablicas.<\/p>\n\n\n\n<p>Por ello, FAM considera imprescindible manifestar&nbsp; que para poder enfrentar en forma adecuada la crisis&nbsp; que est\u00e1 afectando al pa\u00eds y atender&nbsp; los conflictos que aquejan a las ciudadanas y ciudadanos argentinos, es necesario:<br>.&nbsp; Afianzar en su vigencia concreta el principio de divisi\u00f3n de podes del Estado y el respeto a la independencia judicial como reglas prioritarias sin las cuales las dem\u00e1s garant\u00edas y derechos constitucionales se ponen en riesgo.<\/p>\n\n\n\n<p>.&nbsp;&nbsp;&nbsp; Repudiar&nbsp; los&nbsp; intentos&nbsp; de&nbsp; agresiones a&nbsp; la&nbsp; integridad&nbsp; f\u00edsica&nbsp; de&nbsp; magistrados&nbsp; y funcionarios asegurando condiciones de seguridad s\u00f3lidas en todas las jurisdicciones del pa\u00eds.<\/p>\n\n\n\n<p>. Garantizar la provisi\u00f3n de recursos b\u00e1sicos para los fueros judiciales que tendr\u00e1n aumento de litigiosidad en lo inmediato como lo son el laboral, concursal, de familia y penal.<\/p>\n\n\n\n<p>. Profundizar los avances en la incorporaci\u00f3n de tecnolog\u00edas digitales al funcionamiento judicial en todas las \u00e1reas.<\/p>\n\n\n\n<p>. Reafirmar el rol de la abogac\u00eda en el funcionamiento de los sistemas coadyuvando a&nbsp; superar&nbsp; las&nbsp; m\u00faltiples&nbsp; dificultades&nbsp; que&nbsp; enfrenta&nbsp; en&nbsp; el&nbsp; presente&nbsp; el&nbsp; ejercicio profesional para la defensa de los derechos de las ciudadanas y ciudadanos.<\/p>\n\n\n\n<p>. Fortalecer los mecanismos de selecci\u00f3n y designaci\u00f3n de magistrados en todas las instancias del pa\u00eds, garantizando criterios basados en concursos y en m\u00e9ritos, sin injerencia de influencias pol\u00edticas.<\/p>\n\n\n\n<p>. Sostener&nbsp; la continuidad de las pol\u00edticas sobre perspectiva de g\u00e9nero, igualdad y lucha contra todas formas de violencia y discriminaci\u00f3n hacia las mujeres en las justicias provinciales y de CABA focalizando la agudizaci\u00f3n de casos en el contexto de la pandemia.<\/p>\n\n\n\n<p>. Rechazar todo intento de reforma a las condiciones de jubilaci\u00f3n y remuneraci\u00f3n de los integrantes de los Poderes Judiciales provinciales y de CABA que vulneren la Constituci\u00f3n nacional y Constituciones provinciales, promoviendo que todo intento de modificaci\u00f3n legislativa otorgue la participaci\u00f3n a las Asociaciones y Colegios interesados, evit\u00e1ndose avances hacia la independencia judicial.<\/p>\n\n\n\n<p>Los Presidentes y Presidentas de Asociaciones y Colegios de Magistrados y Funcionarios de las provincias argentinas y CABA, estamos convencidos que debemos esforzarnos en unidad para el fortalecimiento de estos objetivos y renovamos nuestro compromiso en trabajar d\u00eda a d\u00eda por Poderes Judiciales independientes que garanticen los Derechos Humanos de todos los habitantes del pa\u00eds.<\/p>\n\n\n\n<p>Ciudad Aut\u00f3noma de Buenos Aires, 27 de julio de 2020<\/p>\n","protected":false},"excerpt":{"rendered":"<p>La Federaci\u00f3n Argentina de la Magistratura y la Funci\u00f3n Judicial dio a conocer un comunicado donde se pronuncia acerca de la actual\u00a0crisis originada por pandemia de COVID-19 en el mundo y sus consecuencias en nuestro pa\u00eds. Por ello, consideran necesario mirar con detenimiento el rol que, en esta coyuntura hist\u00f3rica, toca asumir a los Poderes Judiciales en la sociedad. El [&hellip;]<\/p>\n","protected":false},"author":1,"featured_media":4245,"comment_status":"closed","ping_status":"open","sticky":false,"template":"","format":"standard","meta":{"ngg_post_thumbnail":0},"categories":[13],"tags":[],"_links":{"self":[{"href":"https:\/\/magistradoscorrientes.com\/magistrados\/wp-json\/wp\/v2\/posts\/4266"}],"collection":[{"href":"https:\/\/magistradoscorrientes.com\/magistrados\/wp-json\/wp\/v2\/posts"}],"about":[{"href":"https:\/\/magistradoscorrientes.com\/magistrados\/wp-json\/wp\/v2\/types\/post"}],"author":[{"embeddable":true,"href":"https:\/\/magistradoscorrientes.com\/magistrados\/wp-json\/wp\/v2\/users\/1"}],"replies":[{"embeddable":true,"href":"https:\/\/magistradoscorrientes.com\/magistrados\/wp-json\/wp\/v2\/comments?post=4266"}],"version-history":[{"count":1,"href":"https:\/\/magistradoscorrientes.com\/magistrados\/wp-json\/wp\/v2\/posts\/4266\/revisions"}],"predecessor-version":[{"id":4267,"href":"https:\/\/magistradoscorrientes.com\/magistrados\/wp-json\/wp\/v2\/posts\/4266\/revisions\/4267"}],"wp:featuredmedia":[{"embeddable":true,"href":"https:\/\/magistradoscorrientes.com\/magistrados\/wp-json\/wp\/v2\/media\/4245"}],"wp:attachment":[{"href":"https:\/\/magistradoscorrientes.com\/magistrados\/wp-json\/wp\/v2\/media?parent=4266"}],"wp:term":[{"taxonomy":"category","embeddable":true,"href":"https:\/\/magistradoscorrientes.com\/magistrados\/wp-json\/wp\/v2\/categories?post=4266"},{"taxonomy":"post_tag","embeddable":true,"href":"https:\/\/magistradoscorrientes.com\/magistrados\/wp-json\/wp\/v2\/tags?post=4266"}],"curies":[{"name":"wp","href":"https:\/\/api.w.org\/{rel}","templated":true}]}}