{"id":4268,"date":"2020-07-27T21:15:52","date_gmt":"2020-07-28T00:15:52","guid":{"rendered":"http:\/\/magistradoscorrientes.com\/magistrados\/?p=4268"},"modified":"2020-11-16T22:38:06","modified_gmt":"2020-11-17T01:38:06","slug":"coloquio-de-fam-sobre-restriccion-a-las-libertades-individuales-en-tiempos-de-emergencia","status":"publish","type":"post","link":"https:\/\/magistradoscorrientes.com\/magistrados\/coloquio-de-fam-sobre-restriccion-a-las-libertades-individuales-en-tiempos-de-emergencia\/","title":{"rendered":"Coloquio de FAM sobre restricci\u00f3n a las libertades individuales en tiempos de emergencia"},"content":{"rendered":"\n<p><br>La Federaci\u00f3n Argentina de la Magistratura invita a los Asociados al Coloquio denominado: \u2018\u2019Limite tolerable de la restricci\u00f3n a las libertades individuales en tiempos de emergencia\u2019\u2019 a cargo de la Prof. Dra Silvana Mar\u00eda Chiapero.<\/p>\n\n\n\n<p>El encuentro ser\u00e1 v\u00eda Zoom, el pr\u00f3ximo martes 28 de julio, a partir de las 18hs.&nbsp;<\/p>\n\n\n\n<p>Inscripciones e informes: + 549 (341) 2036238 o al correo curso.fam@gmail.com<\/p>\n\n\n\n<p>\u2018\u2019\u00bfCu\u00e1les son los efectos de la limitaci\u00f3n a la libertad de circulaci\u00f3n, del derecho a trabajar y recrearse? \u00bfC\u00f3mo se ejerce el derecho a la salud frente a la escasez de recursos sanitarios? \u00bfQu\u00e9 impacto tiene la difusi\u00f3n de datos ante el derecho a la intimidad y confidencialidad de los pacientes? \u00bfCu\u00e1les son las consecuencias de la difusi\u00f3n de datos para colectivos vulnerables.<\/p>\n\n\n\n<p>En el coloquio se analizar\u00e1n las restricciones y\/o supresiones a las libertades que derivan de la aplicaci\u00f3n de las pol\u00edticas sanitarias adoptadas para enfrentar la pandemia, Se reflexionara acerca de si el ordenamiento jur\u00eddico es auto-suficiente para enfrentar estos dilemas o es necesario el dictado de leyes especiales, se trataran los principios y valores del art. 2\u00b0 C.C.C.N y el principio de solidaridad como mecanismo id\u00f3neo para la soluci\u00f3n de conflictos patrimoniales y extrapatrimoniales surgidos de esta emergencia.<\/p>\n\n\n\n<p>PROF. DRA. SILVANA MARIA CHIAPERO<\/p>\n\n\n\n<p>Doctora en Derecho y Ciencias Sociales, t\u00edtulo emitido por la Universidad Nacional de C\u00f3rdoba. Profesora Titular de la materia \u201cDERECHO PRIVADO I\u201d, de la Universidad Nacional de C\u00f3rdoba. Vice Directora de la Carrera de Sindicatura Concursal en la Facultad de Ciencias Econ\u00f3micas de la U.N.C. y Encargada de la materia Derecho Procesal Concursal en las Carreras de Post grado de la Universidad Siglo XXI y U.N.C. Profesora permanente en carreras de post \u2013grado y Profesora invitada en maestr\u00edas y carreras de especialidad en diversas Universidades.<\/p>\n","protected":false},"excerpt":{"rendered":"<p>La Federaci\u00f3n Argentina de la Magistratura invita a los Asociados al Coloquio denominado: \u2018\u2019Limite tolerable de la restricci\u00f3n a las libertades individuales en tiempos de emergencia\u2019\u2019 a cargo de la Prof. Dra Silvana Mar\u00eda Chiapero. El encuentro ser\u00e1 v\u00eda Zoom, el pr\u00f3ximo martes 28 de julio, a partir de las 18hs.&nbsp; Inscripciones e informes: + 549 (341) 2036238 o al [&hellip;]<\/p>\n","protected":false},"author":1,"featured_media":4244,"comment_status":"closed","ping_status":"open","sticky":false,"template":"","format":"standard","meta":{"ngg_post_thumbnail":0},"categories":[13],"tags":[],"_links":{"self":[{"href":"https:\/\/magistradoscorrientes.com\/magistrados\/wp-json\/wp\/v2\/posts\/4268"}],"collection":[{"href":"https:\/\/magistradoscorrientes.com\/magistrados\/wp-json\/wp\/v2\/posts"}],"about":[{"href":"https:\/\/magistradoscorrientes.com\/magistrados\/wp-json\/wp\/v2\/types\/post"}],"author":[{"embeddable":true,"href":"https:\/\/magistradoscorrientes.com\/magistrados\/wp-json\/wp\/v2\/users\/1"}],"replies":[{"embeddable":true,"href":"https:\/\/magistradoscorrientes.com\/magistrados\/wp-json\/wp\/v2\/comments?post=4268"}],"version-history":[{"count":1,"href":"https:\/\/magistradoscorrientes.com\/magistrados\/wp-json\/wp\/v2\/posts\/4268\/revisions"}],"predecessor-version":[{"id":4269,"href":"https:\/\/magistradoscorrientes.com\/magistrados\/wp-json\/wp\/v2\/posts\/4268\/revisions\/4269"}],"wp:featuredmedia":[{"embeddable":true,"href":"https:\/\/magistradoscorrientes.com\/magistrados\/wp-json\/wp\/v2\/media\/4244"}],"wp:attachment":[{"href":"https:\/\/magistradoscorrientes.com\/magistrados\/wp-json\/wp\/v2\/media?parent=4268"}],"wp:term":[{"taxonomy":"category","embeddable":true,"href":"https:\/\/magistradoscorrientes.com\/magistrados\/wp-json\/wp\/v2\/categories?post=4268"},{"taxonomy":"post_tag","embeddable":true,"href":"https:\/\/magistradoscorrientes.com\/magistrados\/wp-json\/wp\/v2\/tags?post=4268"}],"curies":[{"name":"wp","href":"https:\/\/api.w.org\/{rel}","templated":true}]}}