{"id":4270,"date":"2020-07-18T21:17:08","date_gmt":"2020-07-19T00:17:08","guid":{"rendered":"http:\/\/magistradoscorrientes.com\/magistrados\/?p=4270"},"modified":"2020-11-16T22:38:11","modified_gmt":"2020-11-17T01:38:11","slug":"pronunciamiento-de-fam-sobre-la-eliminacion-del-consejo-de-la-magistratura-de-la-provincia-de-catamarca","status":"publish","type":"post","link":"https:\/\/magistradoscorrientes.com\/magistrados\/pronunciamiento-de-fam-sobre-la-eliminacion-del-consejo-de-la-magistratura-de-la-provincia-de-catamarca\/","title":{"rendered":"Pronunciamiento de FAM sobre la eliminaci\u00f3n del Consejo de la Magistratura de la Provincia de Catamarca"},"content":{"rendered":"\n<p><br>La Federaci\u00f3n Argentina de la Magistratura y la Funci\u00f3n Judicial, da a conocer a trav\u00e9s de un comunicado de prensa, su pronunciamiento acerca de su preocupaci\u00f3n por la eliminaci\u00f3n del Consejo de la Magistratura de la Provincia de Catamarca.<\/p>\n\n\n\n<p>La Mesa Ejecutiva de la Federaci\u00f3n Argentina de la Magistratura y la Funci\u00f3n Judicial hace p\u00fablica su preocupaci\u00f3n por la eliminaci\u00f3n del Consejo de la Magistratura de la Provincia de Catamarca.<\/p>\n\n\n\n<p>La existencia de los Consejos de la Magistratura es un avance institucional destinado a garantizar a la ciudadan\u00eda la independencia de los poderes judiciales ya que promueve la conformaci\u00f3n de una magistratura independiente e imparcial, a trav\u00e9s de procesos de selecci\u00f3n de postulantes por concursos p\u00fablicos basados en m\u00e9ritos, tomando como base la idoneidad t\u00e9cnica y \u00e9tica, evitando la discrecionalidad.<\/p>\n\n\n\n<p>La derogaci\u00f3n de la ley provincial 5012 (a\u00f1o 2000), que creara el Consejo de la Magistratura de la Provincia de Catamarca, constituye un retroceso para la transparencia y despolitizaci\u00f3n del sistema de selecci\u00f3n de los magistrados y magistradas de la Provincia de Catamarca.<\/p>\n\n\n\n<p>Ciudad Aut\u00f3noma de Buenos Aires, 18 de Julio de 2020<\/p>\n","protected":false},"excerpt":{"rendered":"<p>La Federaci\u00f3n Argentina de la Magistratura y la Funci\u00f3n Judicial, da a conocer a trav\u00e9s de un comunicado de prensa, su pronunciamiento acerca de su preocupaci\u00f3n por la eliminaci\u00f3n del Consejo de la Magistratura de la Provincia de Catamarca. La Mesa Ejecutiva de la Federaci\u00f3n Argentina de la Magistratura y la Funci\u00f3n Judicial hace p\u00fablica su preocupaci\u00f3n por la eliminaci\u00f3n [&hellip;]<\/p>\n","protected":false},"author":1,"featured_media":4243,"comment_status":"closed","ping_status":"open","sticky":false,"template":"","format":"standard","meta":{"ngg_post_thumbnail":0},"categories":[13],"tags":[],"_links":{"self":[{"href":"https:\/\/magistradoscorrientes.com\/magistrados\/wp-json\/wp\/v2\/posts\/4270"}],"collection":[{"href":"https:\/\/magistradoscorrientes.com\/magistrados\/wp-json\/wp\/v2\/posts"}],"about":[{"href":"https:\/\/magistradoscorrientes.com\/magistrados\/wp-json\/wp\/v2\/types\/post"}],"author":[{"embeddable":true,"href":"https:\/\/magistradoscorrientes.com\/magistrados\/wp-json\/wp\/v2\/users\/1"}],"replies":[{"embeddable":true,"href":"https:\/\/magistradoscorrientes.com\/magistrados\/wp-json\/wp\/v2\/comments?post=4270"}],"version-history":[{"count":1,"href":"https:\/\/magistradoscorrientes.com\/magistrados\/wp-json\/wp\/v2\/posts\/4270\/revisions"}],"predecessor-version":[{"id":4271,"href":"https:\/\/magistradoscorrientes.com\/magistrados\/wp-json\/wp\/v2\/posts\/4270\/revisions\/4271"}],"wp:featuredmedia":[{"embeddable":true,"href":"https:\/\/magistradoscorrientes.com\/magistrados\/wp-json\/wp\/v2\/media\/4243"}],"wp:attachment":[{"href":"https:\/\/magistradoscorrientes.com\/magistrados\/wp-json\/wp\/v2\/media?parent=4270"}],"wp:term":[{"taxonomy":"category","embeddable":true,"href":"https:\/\/magistradoscorrientes.com\/magistrados\/wp-json\/wp\/v2\/categories?post=4270"},{"taxonomy":"post_tag","embeddable":true,"href":"https:\/\/magistradoscorrientes.com\/magistrados\/wp-json\/wp\/v2\/tags?post=4270"}],"curies":[{"name":"wp","href":"https:\/\/api.w.org\/{rel}","templated":true}]}}