{"id":4272,"date":"2020-07-15T21:19:17","date_gmt":"2020-07-16T00:19:17","guid":{"rendered":"http:\/\/magistradoscorrientes.com\/magistrados\/?p=4272"},"modified":"2020-11-16T22:38:14","modified_gmt":"2020-11-17T01:38:14","slug":"charlas-preparatorias-al-curso-de-entrenamiento-en-audiencias-preliminares","status":"publish","type":"post","link":"https:\/\/magistradoscorrientes.com\/magistrados\/charlas-preparatorias-al-curso-de-entrenamiento-en-audiencias-preliminares\/","title":{"rendered":"Charlas preparatorias al Curso de Entrenamiento en Audiencias Preliminares"},"content":{"rendered":"\n<p><br>El Colegio de Magistrados y Funcionarios del Poder Judicial de Corrientes da a conocer el nuevo curso de capacitaci\u00f3n online sobre Audiencias Preliminares, organizado en conjunto con\u00a0Librer\u00eda Editorial ConTexto y Fundaci\u00f3n Formarte.<\/p>\n\n\n\n<p>El curso 100% online, NO arancelado en la primera parte, es abierto al p\u00fablico en general y&nbsp;tendr\u00e1 dos etapas.<\/p>\n\n\n\n<p>La primera parte constar\u00e1 de dos charlas preparatorias a cargo de las Doctoras Susana Santill\u00e1n (Tucum\u00e1n) y Sandra Valenti (Santa Fe), destinado a quienes no posean una formaci\u00f3n te\u00f3rica sobre el Sistema Acusatorio.<\/p>\n\n\n\n<p>La segunda etapa la encabezar\u00e1 el Profesor Dr. Jonathan Ram\u00edrez Orellana (Chile), a trav\u00e9s de la plataforma virtual Alacipe (mayores detalles en la siguiente publicaci\u00f3n).<\/p>\n\n\n\n<p>La finalidad de esta primera parte, es lograr una descripci\u00f3n general del Sistema Acusatorio, de los desaf\u00edos, obst\u00e1culos y fortalezas en la implementaci\u00f3n del proceso penal, soluciones alternativas y herramientas \u00fatiles para la transformaci\u00f3n.<\/p>\n\n\n\n<p>Dichas jornadas se llevar\u00e1n a cabo los d\u00edas viernes 17 y 24 de julio del corriente a\u00f1o, a las 17:30 horas, a trav\u00e9s de la Plataforma Formarte, inscripci\u00f3n en https:\/\/fundacionformarte.com.ar\/curso\/charlas-preparatorias<\/p>\n\n\n\n<p>Dra. Susana Marcela Santill\u00e1n<\/p>\n\n\n\n<p>Es abogada, recibida de la Universidad Cat\u00f3lica de Santiago del Estero, mediadora, se desempe\u00f1\u00f3 como relatora de la Excma. C\u00e1mara de Juicio Oral en lo Criminal y Correccional de la Tercera Nominaci\u00f3n, relatora del Juzgado de Primera Instancia en lo Civil y Comercial de la Primera Nominaci\u00f3n de La Banda, Prosecretaria del Juzgado de Instrucci\u00f3n en lo Criminal y Correccional de Segunda Nominaci\u00f3n de las Termas de R\u00edo Hondo, Fiscal Auxiliar en la Unidad Fiscal de los Dptos. de R\u00edo Hondo y Gim\u00e9nez, Juez de Control, Garant\u00eda y Transici\u00f3n en la ciudad de Fr\u00edas, Dpto. de Choya, todo ello en la provincia de Santiago del Estero. Actualmente se desempe\u00f1a como Directora de la Escuela de Capacitaci\u00f3n y Concurso del Ministerio Pupilar y de la Defensa de la provincia de Tucum\u00e1n.<\/p>\n\n\n\n<p>Dra. Sandra Valenti<\/p>\n\n\n\n<p>Es abogada, recibida en la Universidad Nacional del Litoral, Especialista en Derecho Procesal Penal, Profesora de Derecho Procesal Penal Te\u00f3rico Practico de la Universidad Cat\u00f3lica de Santa Fe, disertante en numerosos Cursos y Congresos vinculados a las Reformas Procesales Penales, Coordinadora de Cursos de Litigaci\u00f3n Penal, Juez Penal y desde el a\u00f1o 2014 integrante del Colegio de Jueces Penales de Primera instancia de la ciudad de Santa Fe.<\/p>\n","protected":false},"excerpt":{"rendered":"<p>El Colegio de Magistrados y Funcionarios del Poder Judicial de Corrientes da a conocer el nuevo curso de capacitaci\u00f3n online sobre Audiencias Preliminares, organizado en conjunto con\u00a0Librer\u00eda Editorial ConTexto y Fundaci\u00f3n Formarte. El curso 100% online, NO arancelado en la primera parte, es abierto al p\u00fablico en general y&nbsp;tendr\u00e1 dos etapas. La primera parte constar\u00e1 de dos charlas preparatorias a [&hellip;]<\/p>\n","protected":false},"author":1,"featured_media":4242,"comment_status":"closed","ping_status":"open","sticky":false,"template":"","format":"standard","meta":{"ngg_post_thumbnail":0},"categories":[13],"tags":[],"_links":{"self":[{"href":"https:\/\/magistradoscorrientes.com\/magistrados\/wp-json\/wp\/v2\/posts\/4272"}],"collection":[{"href":"https:\/\/magistradoscorrientes.com\/magistrados\/wp-json\/wp\/v2\/posts"}],"about":[{"href":"https:\/\/magistradoscorrientes.com\/magistrados\/wp-json\/wp\/v2\/types\/post"}],"author":[{"embeddable":true,"href":"https:\/\/magistradoscorrientes.com\/magistrados\/wp-json\/wp\/v2\/users\/1"}],"replies":[{"embeddable":true,"href":"https:\/\/magistradoscorrientes.com\/magistrados\/wp-json\/wp\/v2\/comments?post=4272"}],"version-history":[{"count":1,"href":"https:\/\/magistradoscorrientes.com\/magistrados\/wp-json\/wp\/v2\/posts\/4272\/revisions"}],"predecessor-version":[{"id":4273,"href":"https:\/\/magistradoscorrientes.com\/magistrados\/wp-json\/wp\/v2\/posts\/4272\/revisions\/4273"}],"wp:featuredmedia":[{"embeddable":true,"href":"https:\/\/magistradoscorrientes.com\/magistrados\/wp-json\/wp\/v2\/media\/4242"}],"wp:attachment":[{"href":"https:\/\/magistradoscorrientes.com\/magistrados\/wp-json\/wp\/v2\/media?parent=4272"}],"wp:term":[{"taxonomy":"category","embeddable":true,"href":"https:\/\/magistradoscorrientes.com\/magistrados\/wp-json\/wp\/v2\/categories?post=4272"},{"taxonomy":"post_tag","embeddable":true,"href":"https:\/\/magistradoscorrientes.com\/magistrados\/wp-json\/wp\/v2\/tags?post=4272"}],"curies":[{"name":"wp","href":"https:\/\/api.w.org\/{rel}","templated":true}]}}