{"id":4276,"date":"2020-07-07T21:22:34","date_gmt":"2020-07-08T00:22:34","guid":{"rendered":"http:\/\/magistradoscorrientes.com\/magistrados\/?p=4276"},"modified":"2020-11-16T22:39:00","modified_gmt":"2020-11-17T01:39:00","slug":"balance-de-comision-directiva-junio-2020","status":"publish","type":"post","link":"https:\/\/magistradoscorrientes.com\/magistrados\/balance-de-comision-directiva-junio-2020\/","title":{"rendered":"Balance de Comisi\u00f3n Directiva \u2013 Junio 2020"},"content":{"rendered":"\n<p><br>El viernes 30 de junio, se llev\u00f3 a cabo la reuni\u00f3n de Comisi\u00f3n Directiva del Colegio a trav\u00e9s de la plataforma virtual Cisco Webex. La Presidente de la Instituci\u00f3n, Doctora Luz Gabriela Masferrer encabez\u00f3 el encuentro y fue acompa\u00f1ada por asociados de Capital y el interior para dar tratamiento del orden del d\u00eda.<\/p>\n\n\n\n<p>En primer t\u00e9rmino se dio tratamiento a los temas planteados por asociados de localidades del interior, entre las que pueden destacarse: la necesidad de restablecer el correo postal para el env\u00edo de los expedientes hacia Capital y la conveniencia de aclarar la participaci\u00f3n de la defensa p\u00fablica en cuestiones de restricciones a la capacidad, para lo cual se realizar\u00e1n gestiones ante el STJ y Fiscal\u00eda General.&nbsp;<\/p>\n\n\n\n<p>Tanto el Dr Moreyra como la Dra. Oria y el Dr Balbastro comentaron las modalidades del trabajo judicial en sus circunscripciones judiciales, las medidas adoptadas y la buena receptividad de las mismas por parte de los abogados del foro. Desde Monte Caseros, el Dr. Mario Segovia coment\u00f3 las tareas que se vienen realizando para la implementaci\u00f3n del CPP en la 4ta circunscripci\u00f3n.<\/p>\n\n\n\n<p>El Dr. Eugenio Balbastro, realiz\u00f3 dos pedidos concretos que fueron aprobados por la Comisi\u00f3n: se solicite el llamado a concurso para escribientes y secretarios del fuero penal para el interior porque la lista est\u00e1 agotada; y se acuerde nuevamente la segunda etapa del curso de capacitaci\u00f3n en materia Procesal Penal.<\/p>\n\n\n\n<p>Como otra propuesta de capacitaci\u00f3n para los asociados sobre esa tem\u00e1tica, la Dra Mar\u00eda Jos\u00e9 Barrero plante\u00f3 la posibilidad de encuentros virtuales sobre litigaci\u00f3n oral con el Dr. Jonatan Ram\u00edrez Orellana (prestigioso experto chileno), lo que fue recibido por la Comisi\u00f3n disponi\u00e9ndose a coordinar detalles del cursado en las pr\u00f3ximas semanas.<\/p>\n\n\n\n<p>Referido a la Justicia de Paz, el Dr. Pedrozo sugiri\u00f3 conformar una comisi\u00f3n de trabajo para avanzar en reformas legislativas del sector, participando de ello el Dr. Eduardo Modenutti y comentando la incorporaci\u00f3n de la tecnolog\u00eda en la justicia de paz, para poder estar a la altura de las circunstancias.<\/p>\n\n\n\n<p>Al momento de brindar el informe de Presidencia, la Doctora Masferrer refiri\u00f3 a gestiones realizadas ante la nota recibida de la Presidente del Colegio P\u00fablico de Abogados, Dra Lilian Sawoczka con motivo de expresiones del Dr. Orrant\u00eda en una capacitaci\u00f3n virtual organizada por el Colegio. Mencion\u00f3 que el asociado respondi\u00f3 mediante nota que fue remitida al Colegio de Abogados a fin de zanjar el malentendido, luego de consultarse al experto en comunicaci\u00f3n de FAM.<\/p>\n\n\n\n<p>Tambi\u00e9n coment\u00f3 que se acompa\u00f1\u00f3 a las Juezas de Familia a una reuni\u00f3n con el Secretario Administrativo del STJ, logr\u00e1ndose que las providencias, resoluciones y sentencias dictadas se puedan ver en el sistema IURIX y de ese modo descomprimir el acceso de los abogados a los fines de la notificaci\u00f3n.<\/p>\n\n\n\n<p>En materia de actividades acad\u00e9micas, la Dra Masferrer comunic\u00f3 la realizaci\u00f3n del Curso \u201cHerramientas de Litigaci\u00f3n en casos penales en contexto de violencia de g\u00e9nero\u201d, a cargo del profesor Mat\u00edas Morel Quirno, que constar\u00e1 de seis clases de dos horas los d\u00edas lunes durante los meses de julio y agosto.<\/p>\n\n\n\n<p>Prosiguiendo con el informe de presidencia, la Dra Masferrer detall\u00f3 las ideas y acciones que se vienen realizando con motivo de los 40 a\u00f1os del Colegio Magistrados. Hizo referencia al material audiovisual que se est\u00e1 trabajando junto al \u00e1rea de prensa y que revaloriza el aporte realizado por ex Presidentes e integrantes de Comisiones Directivas.<\/p>\n\n\n\n<p>Comunic\u00f3 adem\u00e1s la pronta realizaci\u00f3n de la reuni\u00f3n de junta de gobierno de FAM el d\u00eda 8 de julio del corriente, que ser\u00e1 v\u00eda Zoom con ID que ser\u00e1 proporcionado oportunamente, destacando que los asociados pueden participar de la reuni\u00f3n.<\/p>\n\n\n\n<p>Tambi\u00e9n hizo referencia a gestiones que se est\u00e1n haciendo con el servicio de consultor\u00eda jur\u00eddica de la Ley online. No se descarta sumar el aporte de la revista Rubinzal, propuesta aprobada por los intervinientes.<\/p>\n\n\n\n<p>Otra propuesta que tuvo un\u00e1nime aceptaci\u00f3n fue la de autorizar temporariamente que el subsidio para capacitaci\u00f3n que se brinda a los asociados se utilice para la compra de libros jur\u00eddicos o suscripciones a Revistas jur\u00eddicas. Esta decisi\u00f3n, que es de car\u00e1cter excepcional, tendr\u00e1 vigencia durante este tiempo de pandemia, en el que el aislamiento obligatorio impide asistir presencialmente a las actividades de capacitaci\u00f3n.<\/p>\n\n\n\n<p>Finalizando el encuentro nuevamente, la Dra Masferrer expresa la invitaci\u00f3n a todos los Asociados de hacer uso de la plataforma virtual Cisco Webex del Colegio para concretar charlas, cursos, y utilizar el recurso tecnol\u00f3gico en beneficio de todos.<\/p>\n","protected":false},"excerpt":{"rendered":"<p>El viernes 30 de junio, se llev\u00f3 a cabo la reuni\u00f3n de Comisi\u00f3n Directiva del Colegio a trav\u00e9s de la plataforma virtual Cisco Webex. La Presidente de la Instituci\u00f3n, Doctora Luz Gabriela Masferrer encabez\u00f3 el encuentro y fue acompa\u00f1ada por asociados de Capital y el interior para dar tratamiento del orden del d\u00eda. En primer t\u00e9rmino se dio tratamiento a [&hellip;]<\/p>\n","protected":false},"author":1,"featured_media":4240,"comment_status":"closed","ping_status":"open","sticky":false,"template":"","format":"standard","meta":{"ngg_post_thumbnail":0},"categories":[13],"tags":[],"_links":{"self":[{"href":"https:\/\/magistradoscorrientes.com\/magistrados\/wp-json\/wp\/v2\/posts\/4276"}],"collection":[{"href":"https:\/\/magistradoscorrientes.com\/magistrados\/wp-json\/wp\/v2\/posts"}],"about":[{"href":"https:\/\/magistradoscorrientes.com\/magistrados\/wp-json\/wp\/v2\/types\/post"}],"author":[{"embeddable":true,"href":"https:\/\/magistradoscorrientes.com\/magistrados\/wp-json\/wp\/v2\/users\/1"}],"replies":[{"embeddable":true,"href":"https:\/\/magistradoscorrientes.com\/magistrados\/wp-json\/wp\/v2\/comments?post=4276"}],"version-history":[{"count":1,"href":"https:\/\/magistradoscorrientes.com\/magistrados\/wp-json\/wp\/v2\/posts\/4276\/revisions"}],"predecessor-version":[{"id":4277,"href":"https:\/\/magistradoscorrientes.com\/magistrados\/wp-json\/wp\/v2\/posts\/4276\/revisions\/4277"}],"wp:featuredmedia":[{"embeddable":true,"href":"https:\/\/magistradoscorrientes.com\/magistrados\/wp-json\/wp\/v2\/media\/4240"}],"wp:attachment":[{"href":"https:\/\/magistradoscorrientes.com\/magistrados\/wp-json\/wp\/v2\/media?parent=4276"}],"wp:term":[{"taxonomy":"category","embeddable":true,"href":"https:\/\/magistradoscorrientes.com\/magistrados\/wp-json\/wp\/v2\/categories?post=4276"},{"taxonomy":"post_tag","embeddable":true,"href":"https:\/\/magistradoscorrientes.com\/magistrados\/wp-json\/wp\/v2\/tags?post=4276"}],"curies":[{"name":"wp","href":"https:\/\/api.w.org\/{rel}","templated":true}]}}