{"id":4278,"date":"2020-06-22T21:23:46","date_gmt":"2020-06-23T00:23:46","guid":{"rendered":"http:\/\/magistradoscorrientes.com\/magistrados\/?p=4278"},"modified":"2020-11-16T22:39:05","modified_gmt":"2020-11-17T01:39:05","slug":"fam-respaldo-al-juez-civil-y-comercial-no-2-dr-fabian-lorenzini","status":"publish","type":"post","link":"https:\/\/magistradoscorrientes.com\/magistrados\/fam-respaldo-al-juez-civil-y-comercial-no-2-dr-fabian-lorenzini\/","title":{"rendered":"FAM respald\u00f3 al juez Civil y Comercial N\u00ba 2, Dr Fabi\u00e1n Lorenzini"},"content":{"rendered":"\n<p><br>La Federaci\u00f3n Argentina de la Magistratura y Funci\u00f3n Judicial emiti\u00f3 un comunicado de prensa rechazando las declaraciones del Sr. Presidente de la Naci\u00f3n Alberto Fern\u00e1ndez respecto de la decisi\u00f3n adoptada por el Juez en lo Civil y Comercial N\u00b02 de la ciudad de Reconquista Dr. Fabian Lorenzini que interviene en el concurso de Vicentin.\u00a0<\/p>\n\n\n\n<p>COMUNICADO DE PRENSA<\/p>\n\n\n\n<p>El Estado de Derecho&nbsp; es un modelo de orden para un pa\u00eds por el cual todos los miembros de&nbsp;una sociedad se consideran igualmente sujetos a c\u00f3digos y procesos legales establecidos por las normas fundamentales. Constituye un principio b\u00e1sico del Estado de Derecho el respeto ala independencia judicial y el acatamiento de las resoluciones de los \u00f3rganos judiciales,resultando contrario a ello que se ejerzan presiones desde el Poder Ejecutivo nacional sobre lo que debe decidir un magistrado en una causa en tr\u00e1mite.<\/p>\n\n\n\n<p>Por ello la Federaci\u00f3n Argentina de la Magistratura y la Funci\u00f3n Judicial acompa\u00f1a al Colegio de Magistrados y Funcionarios de la Provincia de Santa Fe y rechaza a las declaraciones del&nbsp;Sr. Presidente de la Naci\u00f3n Alberto Fern\u00e1ndez respecto de la decisi\u00f3n adoptada por el Juez en lo Civil y Comercial N\u00b02 de la ciudad de Reconquista Dr. Fabian Lorenzini.<\/p>\n\n\n\n<p>La FAM expresa su solidaridad con el Juez interviniente, poniendo a su disposici\u00f3n lo&nbsp;necesario a fin de garantizar a la ciudadan\u00eda que el tr\u00e1mite y las resoluciones que deban adoptarse en el marco de dicho proceso concursal tengan como respaldo la aplicaci\u00f3n de la ley, la Constituci\u00f3n Nacional y los Tratados Internacionales.<\/p>\n\n\n\n<p>Ciudad Aut\u00f3noma de Buenos Aires, 21 de Junio de 2020<\/p>\n","protected":false},"excerpt":{"rendered":"<p>La Federaci\u00f3n Argentina de la Magistratura y Funci\u00f3n Judicial emiti\u00f3 un comunicado de prensa rechazando las declaraciones del Sr. Presidente de la Naci\u00f3n Alberto Fern\u00e1ndez respecto de la decisi\u00f3n adoptada por el Juez en lo Civil y Comercial N\u00b02 de la ciudad de Reconquista Dr. Fabian Lorenzini que interviene en el concurso de Vicentin.\u00a0 COMUNICADO DE PRENSA El Estado de [&hellip;]<\/p>\n","protected":false},"author":1,"featured_media":4239,"comment_status":"closed","ping_status":"open","sticky":false,"template":"","format":"standard","meta":{"ngg_post_thumbnail":0},"categories":[13],"tags":[],"_links":{"self":[{"href":"https:\/\/magistradoscorrientes.com\/magistrados\/wp-json\/wp\/v2\/posts\/4278"}],"collection":[{"href":"https:\/\/magistradoscorrientes.com\/magistrados\/wp-json\/wp\/v2\/posts"}],"about":[{"href":"https:\/\/magistradoscorrientes.com\/magistrados\/wp-json\/wp\/v2\/types\/post"}],"author":[{"embeddable":true,"href":"https:\/\/magistradoscorrientes.com\/magistrados\/wp-json\/wp\/v2\/users\/1"}],"replies":[{"embeddable":true,"href":"https:\/\/magistradoscorrientes.com\/magistrados\/wp-json\/wp\/v2\/comments?post=4278"}],"version-history":[{"count":1,"href":"https:\/\/magistradoscorrientes.com\/magistrados\/wp-json\/wp\/v2\/posts\/4278\/revisions"}],"predecessor-version":[{"id":4279,"href":"https:\/\/magistradoscorrientes.com\/magistrados\/wp-json\/wp\/v2\/posts\/4278\/revisions\/4279"}],"wp:featuredmedia":[{"embeddable":true,"href":"https:\/\/magistradoscorrientes.com\/magistrados\/wp-json\/wp\/v2\/media\/4239"}],"wp:attachment":[{"href":"https:\/\/magistradoscorrientes.com\/magistrados\/wp-json\/wp\/v2\/media?parent=4278"}],"wp:term":[{"taxonomy":"category","embeddable":true,"href":"https:\/\/magistradoscorrientes.com\/magistrados\/wp-json\/wp\/v2\/categories?post=4278"},{"taxonomy":"post_tag","embeddable":true,"href":"https:\/\/magistradoscorrientes.com\/magistrados\/wp-json\/wp\/v2\/tags?post=4278"}],"curies":[{"name":"wp","href":"https:\/\/api.w.org\/{rel}","templated":true}]}}