{"id":4286,"date":"2020-06-11T21:29:19","date_gmt":"2020-06-12T00:29:19","guid":{"rendered":"http:\/\/magistradoscorrientes.com\/magistrados\/?p=4286"},"modified":"2020-11-16T22:39:55","modified_gmt":"2020-11-17T01:39:55","slug":"primer-encuentro-de-capacitacion-virtual-sobre-el-nuevo-codigo-procesal-penal-de-la-provincia-de-corrientes","status":"publish","type":"post","link":"https:\/\/magistradoscorrientes.com\/magistrados\/primer-encuentro-de-capacitacion-virtual-sobre-el-nuevo-codigo-procesal-penal-de-la-provincia-de-corrientes\/","title":{"rendered":"Primer encuentro de capacitaci\u00f3n virtual sobre el Nuevo C\u00f3digo Procesal Penal de la Provincia de Corrientes"},"content":{"rendered":"\n<p><br>Se concret\u00f3 con m\u00e1s de 470 inscriptos el primer encuentro de la capacitaci\u00f3n virtual para operadores judiciales sobre el Nuevo C\u00f3digo Procesal Penal de Corrientes, actividad impulsada por\u00a0el Colegio de Magistrados de Corrientes, acompa\u00f1ada por el Superior Tribunal de Justicia de Corrientes a trav\u00e9s del \u00c1rea de Capacitaci\u00f3n del Poder Judicial de la Provincia<\/p>\n\n\n\n<p>El Doctor Juan Ram\u00f3n Alegre fue el expositor de la jornada inaugural. El Sistema Penal Acusatorio, los principios del nuevo C\u00f3digo Procesal Penal, Juicio Previo, Jurisprudencia de CSJN fueron algunos de los temas abordados.&nbsp;<\/p>\n\n\n\n<p>Cabe recordar que este Primer Curso de Capacitaci\u00f3n Virtual para Operadores del Nuevo C\u00f3digo Procesal Penal de la Provincia de Corrientes fue propuesta del Doctor Eugenio Balbastro. Cuenta&nbsp;con la coordinaci\u00f3n general de los ministros del STJ de Corrientes Alejandro Cha\u00edn y Eduardo Gilberto Panseri y est\u00e1 dirigido a Asociados de nuestro Colegio, personal del Poder Judicial&nbsp;del Ministerio P\u00fablico de la Provincia de Corrientes y abogados del medio.<\/p>\n\n\n\n<p>La actividad se desarroll\u00f3 a trav\u00e9s de la modalidad videoconferencia a trav\u00e9s de Cisco Webex Meetings (webex.com) en el horario de 17 a 20.&nbsp;El pr\u00f3ximo encuentro ser\u00e1 el pr\u00f3ximo jueves 18 a cargo de la Dra Gabriela Arom\u00ed de Sommer. Luego habr\u00e1 un tercer encuentro el 25 de junio y se culmina la capacitaci\u00f3n el 2 de julio.<\/p>\n","protected":false},"excerpt":{"rendered":"<p>Se concret\u00f3 con m\u00e1s de 470 inscriptos el primer encuentro de la capacitaci\u00f3n virtual para operadores judiciales sobre el Nuevo C\u00f3digo Procesal Penal de Corrientes, actividad impulsada por\u00a0el Colegio de Magistrados de Corrientes, acompa\u00f1ada por el Superior Tribunal de Justicia de Corrientes a trav\u00e9s del \u00c1rea de Capacitaci\u00f3n del Poder Judicial de la Provincia El Doctor Juan Ram\u00f3n Alegre fue [&hellip;]<\/p>\n","protected":false},"author":1,"featured_media":4235,"comment_status":"closed","ping_status":"open","sticky":false,"template":"","format":"standard","meta":{"ngg_post_thumbnail":0},"categories":[13],"tags":[],"_links":{"self":[{"href":"https:\/\/magistradoscorrientes.com\/magistrados\/wp-json\/wp\/v2\/posts\/4286"}],"collection":[{"href":"https:\/\/magistradoscorrientes.com\/magistrados\/wp-json\/wp\/v2\/posts"}],"about":[{"href":"https:\/\/magistradoscorrientes.com\/magistrados\/wp-json\/wp\/v2\/types\/post"}],"author":[{"embeddable":true,"href":"https:\/\/magistradoscorrientes.com\/magistrados\/wp-json\/wp\/v2\/users\/1"}],"replies":[{"embeddable":true,"href":"https:\/\/magistradoscorrientes.com\/magistrados\/wp-json\/wp\/v2\/comments?post=4286"}],"version-history":[{"count":1,"href":"https:\/\/magistradoscorrientes.com\/magistrados\/wp-json\/wp\/v2\/posts\/4286\/revisions"}],"predecessor-version":[{"id":4287,"href":"https:\/\/magistradoscorrientes.com\/magistrados\/wp-json\/wp\/v2\/posts\/4286\/revisions\/4287"}],"wp:featuredmedia":[{"embeddable":true,"href":"https:\/\/magistradoscorrientes.com\/magistrados\/wp-json\/wp\/v2\/media\/4235"}],"wp:attachment":[{"href":"https:\/\/magistradoscorrientes.com\/magistrados\/wp-json\/wp\/v2\/media?parent=4286"}],"wp:term":[{"taxonomy":"category","embeddable":true,"href":"https:\/\/magistradoscorrientes.com\/magistrados\/wp-json\/wp\/v2\/categories?post=4286"},{"taxonomy":"post_tag","embeddable":true,"href":"https:\/\/magistradoscorrientes.com\/magistrados\/wp-json\/wp\/v2\/tags?post=4286"}],"curies":[{"name":"wp","href":"https:\/\/api.w.org\/{rel}","templated":true}]}}