{"id":4290,"date":"2020-06-09T21:31:47","date_gmt":"2020-06-10T00:31:47","guid":{"rendered":"http:\/\/magistradoscorrientes.com\/magistrados\/?p=4290"},"modified":"2020-11-17T18:10:58","modified_gmt":"2020-11-17T21:10:58","slug":"el-stj-dispuso-la-cuarta-etapa-del-servicio-de-justicia-de-atencion-extraordinaria","status":"publish","type":"post","link":"https:\/\/magistradoscorrientes.com\/magistrados\/el-stj-dispuso-la-cuarta-etapa-del-servicio-de-justicia-de-atencion-extraordinaria\/","title":{"rendered":"El STJ dispuso la cuarta etapa del Servicio de Justicia de Atenci\u00f3n Extraordinaria"},"content":{"rendered":"\n<p><br>El Superior Tribunal de Justicia de la Provincia de Corrientes, dispuso por Acuerdo Extraordinario N\u00b012\/2020 la nueva etapa en la prestaci\u00f3n del servicio de justicia, respetando las recomendaciones de las autoridades sanitarias por la pandemia por Covid-19.\u00a0<\/p>\n\n\n\n<p>DESCRIPCI\u00d3N DE LA FORMA DE PRESTACI\u00d3N DE SERVICIO&nbsp;<\/p>\n\n\n\n<p>Dispone que desde el mi\u00e9rcoles 10 de junio de 2020 hasta nueva disposici\u00f3n, entrar\u00e1 a regir la cuarta etapa del reintegro progresivo de las actividades judiciales, en el marco de la prestaci\u00f3n del servicio de justicia de atenci\u00f3n extraordinaria administrada por pandemia Covid-19.<\/p>\n\n\n\n<p>Se tramitaran todos los asuntos de competencias legales y reglamentarias que se le confiere a cada uno de los Tribunales de la Provincia de Corrientes&nbsp; dentro&nbsp; de&nbsp; la&nbsp; organizaci\u00f3n&nbsp; de&nbsp; la&nbsp; Administraci\u00f3n&nbsp; de&nbsp; Justicia Provincial, a excepci\u00f3n del Juzgado de Paz de Paz de Mocoret\u00e1 que se regir\u00e1 de conformidad a lo dispuesto por Resoluci\u00f3n N\u00b0 204 de fecha 2 de junio de<br>2020.<\/p>\n\n\n\n<p>El horario de prestaci\u00f3n de servicio de los Tribunales durante la tercer etapa de atenci\u00f3n extraordinaria administrada por pandemia Covid-19, ser\u00e1 de&nbsp;7&nbsp; a&nbsp; 13&nbsp; horas&nbsp; y&nbsp; se&nbsp; podr\u00e1&nbsp; habilitar&nbsp; el&nbsp; turno&nbsp; vespertino&nbsp; para&nbsp; cumplir&nbsp; las&nbsp;actividades del servicio que resulten indispensables..<\/p>\n\n\n\n<p>Ser\u00e1 de aplicaci\u00f3n obligatoria durante este nuevo per\u00edodo de servicio de justicia de atenci\u00f3n extraordinaria administrada por pandemia Covid-19, el \u201cMarco Regulatorio de Emergencia General (MREG)\u201d aprobado en el Acuerdo Extraordinario N\u00b0 9\/2020,<\/p>\n","protected":false},"excerpt":{"rendered":"<p>El Superior Tribunal de Justicia de la Provincia de Corrientes, dispuso por Acuerdo Extraordinario N\u00b012\/2020 la nueva etapa en la prestaci\u00f3n del servicio de justicia, respetando las recomendaciones de las autoridades sanitarias por la pandemia por Covid-19.\u00a0 DESCRIPCI\u00d3N DE LA FORMA DE PRESTACI\u00d3N DE SERVICIO&nbsp; Dispone que desde el mi\u00e9rcoles 10 de junio de 2020 hasta nueva disposici\u00f3n, entrar\u00e1 a [&hellip;]<\/p>\n","protected":false},"author":1,"featured_media":4233,"comment_status":"closed","ping_status":"open","sticky":false,"template":"","format":"standard","meta":{"ngg_post_thumbnail":0},"categories":[13],"tags":[],"_links":{"self":[{"href":"https:\/\/magistradoscorrientes.com\/magistrados\/wp-json\/wp\/v2\/posts\/4290"}],"collection":[{"href":"https:\/\/magistradoscorrientes.com\/magistrados\/wp-json\/wp\/v2\/posts"}],"about":[{"href":"https:\/\/magistradoscorrientes.com\/magistrados\/wp-json\/wp\/v2\/types\/post"}],"author":[{"embeddable":true,"href":"https:\/\/magistradoscorrientes.com\/magistrados\/wp-json\/wp\/v2\/users\/1"}],"replies":[{"embeddable":true,"href":"https:\/\/magistradoscorrientes.com\/magistrados\/wp-json\/wp\/v2\/comments?post=4290"}],"version-history":[{"count":1,"href":"https:\/\/magistradoscorrientes.com\/magistrados\/wp-json\/wp\/v2\/posts\/4290\/revisions"}],"predecessor-version":[{"id":4291,"href":"https:\/\/magistradoscorrientes.com\/magistrados\/wp-json\/wp\/v2\/posts\/4290\/revisions\/4291"}],"wp:featuredmedia":[{"embeddable":true,"href":"https:\/\/magistradoscorrientes.com\/magistrados\/wp-json\/wp\/v2\/media\/4233"}],"wp:attachment":[{"href":"https:\/\/magistradoscorrientes.com\/magistrados\/wp-json\/wp\/v2\/media?parent=4290"}],"wp:term":[{"taxonomy":"category","embeddable":true,"href":"https:\/\/magistradoscorrientes.com\/magistrados\/wp-json\/wp\/v2\/categories?post=4290"},{"taxonomy":"post_tag","embeddable":true,"href":"https:\/\/magistradoscorrientes.com\/magistrados\/wp-json\/wp\/v2\/tags?post=4290"}],"curies":[{"name":"wp","href":"https:\/\/api.w.org\/{rel}","templated":true}]}}