{"id":4294,"date":"2020-06-05T21:34:30","date_gmt":"2020-06-06T00:34:30","guid":{"rendered":"http:\/\/magistradoscorrientes.com\/magistrados\/?p=4294"},"modified":"2020-11-16T22:42:03","modified_gmt":"2020-11-17T01:42:03","slug":"la-tercera-etapa-del-servicio-de-justicia-administrada-se-prorroga-al-9-de-junio","status":"publish","type":"post","link":"https:\/\/magistradoscorrientes.com\/magistrados\/la-tercera-etapa-del-servicio-de-justicia-administrada-se-prorroga-al-9-de-junio\/","title":{"rendered":"La tercera etapa del servicio de \u201cJusticia Administrada\u201d se prorroga al 9 de junio"},"content":{"rendered":"\n<p><br>El Superior Tribunal de Justicia prorrog\u00f3 al martes 9 inclusive la tercera etapa del servicio de atenci\u00f3n extraordinaria administrada. Fij\u00f3 adem\u00e1s fecha de reuni\u00f3n de Ministros para ese d\u00eda a las 9 horas.<\/p>\n","protected":false},"excerpt":{"rendered":"<p>El Superior Tribunal de Justicia prorrog\u00f3 al martes 9 inclusive la tercera etapa del servicio de atenci\u00f3n extraordinaria administrada. Fij\u00f3 adem\u00e1s fecha de reuni\u00f3n de Ministros para ese d\u00eda a las 9 horas.<\/p>\n","protected":false},"author":1,"featured_media":4231,"comment_status":"closed","ping_status":"open","sticky":false,"template":"","format":"standard","meta":{"ngg_post_thumbnail":0},"categories":[13],"tags":[],"_links":{"self":[{"href":"https:\/\/magistradoscorrientes.com\/magistrados\/wp-json\/wp\/v2\/posts\/4294"}],"collection":[{"href":"https:\/\/magistradoscorrientes.com\/magistrados\/wp-json\/wp\/v2\/posts"}],"about":[{"href":"https:\/\/magistradoscorrientes.com\/magistrados\/wp-json\/wp\/v2\/types\/post"}],"author":[{"embeddable":true,"href":"https:\/\/magistradoscorrientes.com\/magistrados\/wp-json\/wp\/v2\/users\/1"}],"replies":[{"embeddable":true,"href":"https:\/\/magistradoscorrientes.com\/magistrados\/wp-json\/wp\/v2\/comments?post=4294"}],"version-history":[{"count":1,"href":"https:\/\/magistradoscorrientes.com\/magistrados\/wp-json\/wp\/v2\/posts\/4294\/revisions"}],"predecessor-version":[{"id":4295,"href":"https:\/\/magistradoscorrientes.com\/magistrados\/wp-json\/wp\/v2\/posts\/4294\/revisions\/4295"}],"wp:featuredmedia":[{"embeddable":true,"href":"https:\/\/magistradoscorrientes.com\/magistrados\/wp-json\/wp\/v2\/media\/4231"}],"wp:attachment":[{"href":"https:\/\/magistradoscorrientes.com\/magistrados\/wp-json\/wp\/v2\/media?parent=4294"}],"wp:term":[{"taxonomy":"category","embeddable":true,"href":"https:\/\/magistradoscorrientes.com\/magistrados\/wp-json\/wp\/v2\/categories?post=4294"},{"taxonomy":"post_tag","embeddable":true,"href":"https:\/\/magistradoscorrientes.com\/magistrados\/wp-json\/wp\/v2\/tags?post=4294"}],"curies":[{"name":"wp","href":"https:\/\/api.w.org\/{rel}","templated":true}]}}