{"id":4360,"date":"2020-04-11T22:09:36","date_gmt":"2020-04-12T01:09:36","guid":{"rendered":"http:\/\/magistradoscorrientes.com\/magistrados\/?p=4360"},"modified":"2020-11-16T22:45:37","modified_gmt":"2020-11-17T01:45:37","slug":"el-stj-resolvio-extender-la-feria-judicial-hasta-el-26-de-abril","status":"publish","type":"post","link":"https:\/\/magistradoscorrientes.com\/magistrados\/el-stj-resolvio-extender-la-feria-judicial-hasta-el-26-de-abril\/","title":{"rendered":"El STJ resolvi\u00f3 extender la feria judicial hasta el 26 de abril"},"content":{"rendered":"\n<p><br>Los Ministros del Alto Cuerpo decidieron este s\u00e1bado 11 de abril suspender la entrada en vigencia del punto Primero del Acuerdo Extraordinario N\u00b0 7\/2020 y en consecuencia, disponer la extensi\u00f3n de la feria judicial, decidida en el Acuerdo Extraordinario N\u00b0 6\/2020, hasta el 26 de abril del corriente a\u00f1o, inclusive, en los t\u00e9rminos del art\u00edculo 187 inc. 7 de la Constituci\u00f3n Provincial, con suspensi\u00f3n de los plazos procesales.<\/p>\n\n\n\n<p>Adem\u00e1s, designaron a las siguientes autoridades que se desempe\u00f1ar\u00e1n durante el per\u00edodo de Feria Judicial del 13 al 26 de abril.<\/p>\n","protected":false},"excerpt":{"rendered":"<p>Los Ministros del Alto Cuerpo decidieron este s\u00e1bado 11 de abril suspender la entrada en vigencia del punto Primero del Acuerdo Extraordinario N\u00b0 7\/2020 y en consecuencia, disponer la extensi\u00f3n de la feria judicial, decidida en el Acuerdo Extraordinario N\u00b0 6\/2020, hasta el 26 de abril del corriente a\u00f1o, inclusive, en los t\u00e9rminos del art\u00edculo 187 inc. 7 de la [&hellip;]<\/p>\n","protected":false},"author":1,"featured_media":4335,"comment_status":"closed","ping_status":"open","sticky":false,"template":"","format":"standard","meta":{"ngg_post_thumbnail":0},"categories":[13],"tags":[],"_links":{"self":[{"href":"https:\/\/magistradoscorrientes.com\/magistrados\/wp-json\/wp\/v2\/posts\/4360"}],"collection":[{"href":"https:\/\/magistradoscorrientes.com\/magistrados\/wp-json\/wp\/v2\/posts"}],"about":[{"href":"https:\/\/magistradoscorrientes.com\/magistrados\/wp-json\/wp\/v2\/types\/post"}],"author":[{"embeddable":true,"href":"https:\/\/magistradoscorrientes.com\/magistrados\/wp-json\/wp\/v2\/users\/1"}],"replies":[{"embeddable":true,"href":"https:\/\/magistradoscorrientes.com\/magistrados\/wp-json\/wp\/v2\/comments?post=4360"}],"version-history":[{"count":1,"href":"https:\/\/magistradoscorrientes.com\/magistrados\/wp-json\/wp\/v2\/posts\/4360\/revisions"}],"predecessor-version":[{"id":4361,"href":"https:\/\/magistradoscorrientes.com\/magistrados\/wp-json\/wp\/v2\/posts\/4360\/revisions\/4361"}],"wp:featuredmedia":[{"embeddable":true,"href":"https:\/\/magistradoscorrientes.com\/magistrados\/wp-json\/wp\/v2\/media\/4335"}],"wp:attachment":[{"href":"https:\/\/magistradoscorrientes.com\/magistrados\/wp-json\/wp\/v2\/media?parent=4360"}],"wp:term":[{"taxonomy":"category","embeddable":true,"href":"https:\/\/magistradoscorrientes.com\/magistrados\/wp-json\/wp\/v2\/categories?post=4360"},{"taxonomy":"post_tag","embeddable":true,"href":"https:\/\/magistradoscorrientes.com\/magistrados\/wp-json\/wp\/v2\/tags?post=4360"}],"curies":[{"name":"wp","href":"https:\/\/api.w.org\/{rel}","templated":true}]}}