{"id":4362,"date":"2020-04-09T22:10:50","date_gmt":"2020-04-10T01:10:50","guid":{"rendered":"http:\/\/magistradoscorrientes.com\/magistrados\/?p=4362"},"modified":"2020-11-16T22:45:37","modified_gmt":"2020-11-17T01:45:37","slug":"fam-prepara-modulo-sobre-impacto-e-innovaciones-en-los-poderes-judiciales-ante-el-covid-19","status":"publish","type":"post","link":"https:\/\/magistradoscorrientes.com\/magistrados\/fam-prepara-modulo-sobre-impacto-e-innovaciones-en-los-poderes-judiciales-ante-el-covid-19\/","title":{"rendered":"FAM prepara m\u00f3dulo sobre \u2018\u2019Impacto e innovaciones en los Poderes Judiciales ante el Covid-19&#8243;"},"content":{"rendered":"\n<p><br>La Federaci\u00f3n Argentina de Magistrados (FAM) da a conocer un nuevo encuentro del Ciclo de Coloquios denominado \u201cHerramientas para la acci\u00f3n judicial en el contexto de la pandemia COVID-19\u201d.<\/p>\n\n\n\n<p>En esta oportunidad la nueva propuesta es el M\u00f3dulo \u2018\u2019Impacto e innovaciones en los Poderes Judiciales ante la Pandemia COVID-19: Perspectiva Internacional\u2019\u2019 que tendr\u00e1 como expositores al Presidente de la Federaci\u00f3n Latinoamericana de Magistrados, Walter Barone. Director de la Escuela judicial CGPJ Espa\u00f1a Jorge Jim\u00e9nez Mart\u00edn y a la Presidenta de la Asociaci\u00f3n de Magistrados de Chile, Mar\u00eda Soledad Pi\u00f1eiro Fuenzalida.<\/p>\n\n\n\n<p>M\u00f3dulo I: \u201cTeletrabajo y nuevas formas de gesti\u00f3n. Criterios y problemas nuevos\u00bb. Walter Barone (Presidente de la Federaci\u00f3n Latinoamericana de Magistrados)<\/p>\n\n\n\n<p>M\u00f3dulo II: \u201cLa Justicia espa\u00f1ola y los desaf\u00edos de la crisis sanitaria\u201d. Jorge Jimenez Mart\u00edn (Director de la Escuela Judicial CGPJ Espa\u00f1a)<\/p>\n\n\n\n<p>M\u00f3dulo III: \u201cAdaptaciones y cambios en esquemas de trabajo del Poder Judicial: Aportes desde una perspectiva de g\u00e9nero\u201d. Mar\u00eda Soledad Pi\u00f1eiro Fuenzalida (Presidenta de la Asociaci\u00f3n de Magistrados de Chile)<\/p>\n\n\n\n<p>El encuentro ser\u00e1 el 16 de abril a partir de las 15hs, a trav\u00e9s de la plataforma ZOOM. Los destinatarios son los integrantes de los Colegios y Asociaciones que componen FAM. Sin costo de matr\u00edcula.<\/p>\n\n\n\n<p>Informes e inscripci\u00f3n enviando mensaje al WhatsApp 54 341 2036238 o al correo: cursos.fam@gmail.com indicando si son asociados de nuestro Colegio.<\/p>\n","protected":false},"excerpt":{"rendered":"<p>La Federaci\u00f3n Argentina de Magistrados (FAM) da a conocer un nuevo encuentro del Ciclo de Coloquios denominado \u201cHerramientas para la acci\u00f3n judicial en el contexto de la pandemia COVID-19\u201d. En esta oportunidad la nueva propuesta es el M\u00f3dulo \u2018\u2019Impacto e innovaciones en los Poderes Judiciales ante la Pandemia COVID-19: Perspectiva Internacional\u2019\u2019 que tendr\u00e1 como expositores al Presidente de la Federaci\u00f3n [&hellip;]<\/p>\n","protected":false},"author":1,"featured_media":4336,"comment_status":"closed","ping_status":"open","sticky":false,"template":"","format":"standard","meta":{"ngg_post_thumbnail":0},"categories":[13],"tags":[],"_links":{"self":[{"href":"https:\/\/magistradoscorrientes.com\/magistrados\/wp-json\/wp\/v2\/posts\/4362"}],"collection":[{"href":"https:\/\/magistradoscorrientes.com\/magistrados\/wp-json\/wp\/v2\/posts"}],"about":[{"href":"https:\/\/magistradoscorrientes.com\/magistrados\/wp-json\/wp\/v2\/types\/post"}],"author":[{"embeddable":true,"href":"https:\/\/magistradoscorrientes.com\/magistrados\/wp-json\/wp\/v2\/users\/1"}],"replies":[{"embeddable":true,"href":"https:\/\/magistradoscorrientes.com\/magistrados\/wp-json\/wp\/v2\/comments?post=4362"}],"version-history":[{"count":1,"href":"https:\/\/magistradoscorrientes.com\/magistrados\/wp-json\/wp\/v2\/posts\/4362\/revisions"}],"predecessor-version":[{"id":4363,"href":"https:\/\/magistradoscorrientes.com\/magistrados\/wp-json\/wp\/v2\/posts\/4362\/revisions\/4363"}],"wp:featuredmedia":[{"embeddable":true,"href":"https:\/\/magistradoscorrientes.com\/magistrados\/wp-json\/wp\/v2\/media\/4336"}],"wp:attachment":[{"href":"https:\/\/magistradoscorrientes.com\/magistrados\/wp-json\/wp\/v2\/media?parent=4362"}],"wp:term":[{"taxonomy":"category","embeddable":true,"href":"https:\/\/magistradoscorrientes.com\/magistrados\/wp-json\/wp\/v2\/categories?post=4362"},{"taxonomy":"post_tag","embeddable":true,"href":"https:\/\/magistradoscorrientes.com\/magistrados\/wp-json\/wp\/v2\/tags?post=4362"}],"curies":[{"name":"wp","href":"https:\/\/api.w.org\/{rel}","templated":true}]}}