{"id":4368,"date":"2020-04-07T22:14:37","date_gmt":"2020-04-08T01:14:37","guid":{"rendered":"http:\/\/magistradoscorrientes.com\/magistrados\/?p=4368"},"modified":"2020-11-16T22:45:42","modified_gmt":"2020-11-17T01:45:42","slug":"pedido-de-aclaracion-al-stj-sobre-acuerdo-extraordinario-n7-20","status":"publish","type":"post","link":"https:\/\/magistradoscorrientes.com\/magistrados\/pedido-de-aclaracion-al-stj-sobre-acuerdo-extraordinario-n7-20\/","title":{"rendered":"Pedido de aclaraci\u00f3n al STJ sobre Acuerdo Extraordinario N\u00b07\/20"},"content":{"rendered":"\n<p><br>La Comisi\u00f3n Directiva de nuestra instituci\u00f3n envi\u00f3 al Superior Tribunal de Justicia una nota\u00a0expresando una profunda preocupaci\u00f3n ante la medida dispuesta por el Acuerdo Extraordinario N\u00b07\/20 de reintegro de las actividades judiciales el pr\u00f3ximo lunes 13 de abril, entendiendo que la misma es sin ning\u00fan tipo de progresividad o gradualidad como fue propuesto en una nota enviada anteriormente.<\/p>\n","protected":false},"excerpt":{"rendered":"<p>La Comisi\u00f3n Directiva de nuestra instituci\u00f3n envi\u00f3 al Superior Tribunal de Justicia una nota\u00a0expresando una profunda preocupaci\u00f3n ante la medida dispuesta por el Acuerdo Extraordinario N\u00b07\/20 de reintegro de las actividades judiciales el pr\u00f3ximo lunes 13 de abril, entendiendo que la misma es sin ning\u00fan tipo de progresividad o gradualidad como fue propuesto en una nota enviada anteriormente.<\/p>\n","protected":false},"author":1,"featured_media":4339,"comment_status":"closed","ping_status":"open","sticky":false,"template":"","format":"standard","meta":{"ngg_post_thumbnail":0},"categories":[13],"tags":[],"_links":{"self":[{"href":"https:\/\/magistradoscorrientes.com\/magistrados\/wp-json\/wp\/v2\/posts\/4368"}],"collection":[{"href":"https:\/\/magistradoscorrientes.com\/magistrados\/wp-json\/wp\/v2\/posts"}],"about":[{"href":"https:\/\/magistradoscorrientes.com\/magistrados\/wp-json\/wp\/v2\/types\/post"}],"author":[{"embeddable":true,"href":"https:\/\/magistradoscorrientes.com\/magistrados\/wp-json\/wp\/v2\/users\/1"}],"replies":[{"embeddable":true,"href":"https:\/\/magistradoscorrientes.com\/magistrados\/wp-json\/wp\/v2\/comments?post=4368"}],"version-history":[{"count":1,"href":"https:\/\/magistradoscorrientes.com\/magistrados\/wp-json\/wp\/v2\/posts\/4368\/revisions"}],"predecessor-version":[{"id":4369,"href":"https:\/\/magistradoscorrientes.com\/magistrados\/wp-json\/wp\/v2\/posts\/4368\/revisions\/4369"}],"wp:featuredmedia":[{"embeddable":true,"href":"https:\/\/magistradoscorrientes.com\/magistrados\/wp-json\/wp\/v2\/media\/4339"}],"wp:attachment":[{"href":"https:\/\/magistradoscorrientes.com\/magistrados\/wp-json\/wp\/v2\/media?parent=4368"}],"wp:term":[{"taxonomy":"category","embeddable":true,"href":"https:\/\/magistradoscorrientes.com\/magistrados\/wp-json\/wp\/v2\/categories?post=4368"},{"taxonomy":"post_tag","embeddable":true,"href":"https:\/\/magistradoscorrientes.com\/magistrados\/wp-json\/wp\/v2\/tags?post=4368"}],"curies":[{"name":"wp","href":"https:\/\/api.w.org\/{rel}","templated":true}]}}