{"id":4450,"date":"2017-12-20T17:45:30","date_gmt":"2017-12-20T20:45:30","guid":{"rendered":"http:\/\/magistradoscorrientes.com\/magistrados\/?p=4450"},"modified":"2020-11-17T18:09:10","modified_gmt":"2020-11-17T21:09:10","slug":"comunicado-de-la-fam-ante-la-modificacion-del-regimen-de-remocion-de-fiscales-y-defensores-en-la-provincia-de-santa-fe","status":"publish","type":"post","link":"https:\/\/magistradoscorrientes.com\/magistrados\/comunicado-de-la-fam-ante-la-modificacion-del-regimen-de-remocion-de-fiscales-y-defensores-en-la-provincia-de-santa-fe\/","title":{"rendered":"Comunicado de la FAM ante la modificaci\u00f3n del r\u00e9gimen de remoci\u00f3n de Fiscales y Defensores en la Provincia de Santa Fe"},"content":{"rendered":"\n<p>La Federaci\u00f3n Argentina de la Magistratura y la Funci\u00f3n Judicial expresa su preocupaci\u00f3n, ante la modificaci\u00f3n sustancial del r\u00e9gimen&nbsp; de remoci\u00f3n de Fiscales y Defensores en la Provincia de Santa Fe, regulado por las Leyes 13013 y 13014.&nbsp;<br>Al disponerse ahora un sistema de evaluaci\u00f3n y juzgamiento de la conducta de los funcionarios de los Ministerios P\u00fablicos, con la exclusiva intervenci\u00f3n del Poder Legislativo, y sin la participaci\u00f3n plural que prevee la Constituci\u00f3n provincial para casos an\u00e1logos de funcionarios del Poder Judicial, se afecta la autonom\u00eda funcional y la independencia de los \u00f3rganos encargados de la investigaci\u00f3n penal, de la acusaci\u00f3n y de la defensa.&nbsp;<br>Se adhiere a las gestiones que el Colegio de Magistrados y Funcionaros de dicha provincia viene realizando en orden a garantizar la vigencia de los principios constitucionales que consagran la autonom\u00eda de estos organismos.&nbsp;<\/p>\n\n\n\n<p>Buenos Aires, 20 de diciembre de 2017.-<\/p>\n\n\n\n<p>ARIEL ARIZA &#8211; Presidente<br>OMAR L\u00d3PEZ &#8211; Secretario<\/p>\n\n\n\n<p>Fuente: www.fam.org.ar<\/p>\n","protected":false},"excerpt":{"rendered":"<p>La Federaci\u00f3n Argentina de la Magistratura y la Funci\u00f3n Judicial expresa su preocupaci\u00f3n, ante la modificaci\u00f3n sustancial del r\u00e9gimen&nbsp; de remoci\u00f3n de Fiscales y Defensores en la Provincia de Santa Fe, regulado por las Leyes 13013 y 13014.&nbsp;Al disponerse ahora un sistema de evaluaci\u00f3n y juzgamiento de la conducta de los funcionarios de los Ministerios P\u00fablicos, con la exclusiva intervenci\u00f3n [&hellip;]<\/p>\n","protected":false},"author":1,"featured_media":4463,"comment_status":"closed","ping_status":"open","sticky":false,"template":"","format":"standard","meta":{"ngg_post_thumbnail":0},"categories":[13],"tags":[],"_links":{"self":[{"href":"https:\/\/magistradoscorrientes.com\/magistrados\/wp-json\/wp\/v2\/posts\/4450"}],"collection":[{"href":"https:\/\/magistradoscorrientes.com\/magistrados\/wp-json\/wp\/v2\/posts"}],"about":[{"href":"https:\/\/magistradoscorrientes.com\/magistrados\/wp-json\/wp\/v2\/types\/post"}],"author":[{"embeddable":true,"href":"https:\/\/magistradoscorrientes.com\/magistrados\/wp-json\/wp\/v2\/users\/1"}],"replies":[{"embeddable":true,"href":"https:\/\/magistradoscorrientes.com\/magistrados\/wp-json\/wp\/v2\/comments?post=4450"}],"version-history":[{"count":1,"href":"https:\/\/magistradoscorrientes.com\/magistrados\/wp-json\/wp\/v2\/posts\/4450\/revisions"}],"predecessor-version":[{"id":4464,"href":"https:\/\/magistradoscorrientes.com\/magistrados\/wp-json\/wp\/v2\/posts\/4450\/revisions\/4464"}],"wp:featuredmedia":[{"embeddable":true,"href":"https:\/\/magistradoscorrientes.com\/magistrados\/wp-json\/wp\/v2\/media\/4463"}],"wp:attachment":[{"href":"https:\/\/magistradoscorrientes.com\/magistrados\/wp-json\/wp\/v2\/media?parent=4450"}],"wp:term":[{"taxonomy":"category","embeddable":true,"href":"https:\/\/magistradoscorrientes.com\/magistrados\/wp-json\/wp\/v2\/categories?post=4450"},{"taxonomy":"post_tag","embeddable":true,"href":"https:\/\/magistradoscorrientes.com\/magistrados\/wp-json\/wp\/v2\/tags?post=4450"}],"curies":[{"name":"wp","href":"https:\/\/api.w.org\/{rel}","templated":true}]}}