{"id":4554,"date":"2017-09-13T19:08:45","date_gmt":"2017-09-13T22:08:45","guid":{"rendered":"http:\/\/magistradoscorrientes.com\/magistrados\/?p=4554"},"modified":"2020-11-17T19:23:23","modified_gmt":"2020-11-17T22:23:23","slug":"cronograma-de-actividades-por-el-dia-del-magistrado-y-la-funcion-judicial","status":"publish","type":"post","link":"https:\/\/magistradoscorrientes.com\/magistrados\/cronograma-de-actividades-por-el-dia-del-magistrado-y-la-funcion-judicial\/","title":{"rendered":"Cronograma de actividades por el D\u00eda del Magistrado y la Funci\u00f3n Judicial"},"content":{"rendered":"\n<p>El Colegio de Magistrados y Funcionarios del Poder Judicial de Corrientes, llevar\u00e1 a cabo una serie de actividades para homenajear a sus asociados con motivo de celebrarse -el pr\u00f3ximo 15 de septiembre- el D\u00eda del Magistrado y la Funci\u00f3n Judicial.<br>La agenda dar\u00e1 inicio el jueves 14 del corriente con una Misa de Acci\u00f3n de Gracia que se celebrar\u00e1 en la Iglesia San Francisco Solano -Mendoza 468- a las 19:30 Hs. Al siguiente d\u00eda -viernes 15 &#8211; se realizar\u00e1 en la sede del Colegio, sito calle Buenos Aires 780, la presentaci\u00f3n de la Orquesta Folkl\u00f3rica de la Provincia a partir de las 20:30 Hs., en un evento que ser\u00e1 de entrada libre y gratuita. Posteriormente, se compartir\u00e1 en el lugar un brindis de camarader\u00eda.<br>En marco de las celebraciones, el jueves 21 de septiembre tendr\u00e1 lugar en el sal\u00f3n de actos de la sede, la Conferencia inaugural sobre la \u201cRevalorizaci\u00f3n de la \u00c9tica en los Sistemas Judiciales Provinciales\u201d, un programa impulsado por la Federaci\u00f3n Argentina de la Magistratura (FAM) destinado a ejecutarse en los poderes judiciales de todo el pa\u00eds.<br>Este evento contar\u00e1 con la presencia del presidente de dicha organizaci\u00f3n, Dr. V\u00edctor V\u00e9lez, y la disertaci\u00f3n estar\u00e1 a cargo del Dr. Armando Andruet. La presentaci\u00f3n estar\u00e1 destinada a integrantes del poder judicial, abogados y p\u00fablico en general. Se espera contar con la participaci\u00f3n de autoridades de las Cortes provinciales y del Ministerio P\u00fablico del NEA (Corrientes Chaco, Misiones y Formosa), y de representantes de las asociaciones de Magistrados de la regi\u00f3n.<br>Concluyendo con el ciclo de actividades, el viernes 22 se realizar\u00e1 una Cena Show en la que habr\u00e1 presentaciones en vivo, sorteos y premios.<\/p>\n","protected":false},"excerpt":{"rendered":"<p>El Colegio de Magistrados y Funcionarios del Poder Judicial de Corrientes, llevar\u00e1 a cabo una serie de actividades para homenajear a sus asociados con motivo de celebrarse -el pr\u00f3ximo 15 de septiembre- el D\u00eda del Magistrado y la Funci\u00f3n Judicial.La agenda dar\u00e1 inicio el jueves 14 del corriente con una Misa de Acci\u00f3n de Gracia que se celebrar\u00e1 en la [&hellip;]<\/p>\n","protected":false},"author":1,"featured_media":4508,"comment_status":"closed","ping_status":"open","sticky":false,"template":"","format":"standard","meta":{"ngg_post_thumbnail":0},"categories":[13],"tags":[],"_links":{"self":[{"href":"https:\/\/magistradoscorrientes.com\/magistrados\/wp-json\/wp\/v2\/posts\/4554"}],"collection":[{"href":"https:\/\/magistradoscorrientes.com\/magistrados\/wp-json\/wp\/v2\/posts"}],"about":[{"href":"https:\/\/magistradoscorrientes.com\/magistrados\/wp-json\/wp\/v2\/types\/post"}],"author":[{"embeddable":true,"href":"https:\/\/magistradoscorrientes.com\/magistrados\/wp-json\/wp\/v2\/users\/1"}],"replies":[{"embeddable":true,"href":"https:\/\/magistradoscorrientes.com\/magistrados\/wp-json\/wp\/v2\/comments?post=4554"}],"version-history":[{"count":1,"href":"https:\/\/magistradoscorrientes.com\/magistrados\/wp-json\/wp\/v2\/posts\/4554\/revisions"}],"predecessor-version":[{"id":4572,"href":"https:\/\/magistradoscorrientes.com\/magistrados\/wp-json\/wp\/v2\/posts\/4554\/revisions\/4572"}],"wp:featuredmedia":[{"embeddable":true,"href":"https:\/\/magistradoscorrientes.com\/magistrados\/wp-json\/wp\/v2\/media\/4508"}],"wp:attachment":[{"href":"https:\/\/magistradoscorrientes.com\/magistrados\/wp-json\/wp\/v2\/media?parent=4554"}],"wp:term":[{"taxonomy":"category","embeddable":true,"href":"https:\/\/magistradoscorrientes.com\/magistrados\/wp-json\/wp\/v2\/categories?post=4554"},{"taxonomy":"post_tag","embeddable":true,"href":"https:\/\/magistradoscorrientes.com\/magistrados\/wp-json\/wp\/v2\/tags?post=4554"}],"curies":[{"name":"wp","href":"https:\/\/api.w.org\/{rel}","templated":true}]}}