{"id":4565,"date":"2017-09-06T19:22:26","date_gmt":"2017-09-06T22:22:26","guid":{"rendered":"http:\/\/magistradoscorrientes.com\/magistrados\/?p=4565"},"modified":"2020-11-17T19:24:33","modified_gmt":"2020-11-17T22:24:33","slug":"el-colegio-sera-sede-del-lanzamiento-de-la-campana-de-etica-judicial-de-fam","status":"publish","type":"post","link":"https:\/\/magistradoscorrientes.com\/magistrados\/el-colegio-sera-sede-del-lanzamiento-de-la-campana-de-etica-judicial-de-fam\/","title":{"rendered":"El Colegio ser\u00e1 sede del lanzamiento de la Campa\u00f1a de \u00c9tica Judicial de FAM"},"content":{"rendered":"\n<p>Impulsado por la Federaci\u00f3n Argentina de la Magistratura, se realizar\u00e1 en Corrientes la Conferencia inaugural sobre la \u201cRevalorizaci\u00f3n de la \u00c9tica en los Sistemas Judiciales Provinciales\u201d. El evento tendr\u00e1 lugar en la sede del Colegio de Magistrados de Corrientes (Bs. As. 780) el d\u00eda 21 de septiembre del corriente, a las 17:30.<br>Este lanzamiento dar\u00e1 el puntapi\u00e9 inicial a una Campa\u00f1a \u00c9tica instalada en la agenda de FAM. El mismo, ser\u00e1 implementado a trav\u00e9s de la Direcci\u00f3n del Instituto de Investigaciones Judiciales de ese organismo, a cargo de la Dra. Anal\u00eda Durand De Cassis. La actividad estar\u00e1<br>En la oportunidad, la conferencia ser\u00e1 dictada por del Dr. Armando Andruet, y estar\u00e1 destinada a integrantes del poder judicial, abogados y p\u00fablico en general.<br>Se espera, contar con la valiosa presencia del Presidente de la FAM, Dr. V\u00edctor V\u00e9lez, quien tendr\u00e1 a su cargo las palabras de apertura, y de autoridades de las Cortes provinciales y del Ministerio P\u00fablico del NEA (Corrientes Chaco, Misiones y Formosa), y de representantes de las asociaciones de Magistrados de la regi\u00f3n. Adem\u00e1s, se ha cursado invitaci\u00f3n al Dr. Luis Lozano, Ministro de la Suprema Corte de CABA, en su car\u00e1cter de Secretario de la Comisi\u00f3n Iberoamericana de \u00c9tica Judicial, y al Ministerio de Justicia de la Naci\u00f3n.<br>Cabe resaltar que, dicha jornada, obtuvo la Declaraci\u00f3n de Inter\u00e9s del Colegio de Magistrados y Funcionarios del Poder Judicial de Corrientes, d\u00e1ndose impulso desde el interior al lanzamiento de esta iniciativa, en pleno convencimiento de que la revalorizaci\u00f3n de la \u00e9tica judicial contribuir\u00e1 a la independencia del Poder judicial y al fortalecimiento de los valores republicanos.<\/p>\n","protected":false},"excerpt":{"rendered":"<p>Impulsado por la Federaci\u00f3n Argentina de la Magistratura, se realizar\u00e1 en Corrientes la Conferencia inaugural sobre la \u201cRevalorizaci\u00f3n de la \u00c9tica en los Sistemas Judiciales Provinciales\u201d. El evento tendr\u00e1 lugar en la sede del Colegio de Magistrados de Corrientes (Bs. As. 780) el d\u00eda 21 de septiembre del corriente, a las 17:30.Este lanzamiento dar\u00e1 el puntapi\u00e9 inicial a una Campa\u00f1a [&hellip;]<\/p>\n","protected":false},"author":1,"featured_media":4510,"comment_status":"closed","ping_status":"open","sticky":false,"template":"","format":"standard","meta":{"ngg_post_thumbnail":0},"categories":[13],"tags":[],"_links":{"self":[{"href":"https:\/\/magistradoscorrientes.com\/magistrados\/wp-json\/wp\/v2\/posts\/4565"}],"collection":[{"href":"https:\/\/magistradoscorrientes.com\/magistrados\/wp-json\/wp\/v2\/posts"}],"about":[{"href":"https:\/\/magistradoscorrientes.com\/magistrados\/wp-json\/wp\/v2\/types\/post"}],"author":[{"embeddable":true,"href":"https:\/\/magistradoscorrientes.com\/magistrados\/wp-json\/wp\/v2\/users\/1"}],"replies":[{"embeddable":true,"href":"https:\/\/magistradoscorrientes.com\/magistrados\/wp-json\/wp\/v2\/comments?post=4565"}],"version-history":[{"count":1,"href":"https:\/\/magistradoscorrientes.com\/magistrados\/wp-json\/wp\/v2\/posts\/4565\/revisions"}],"predecessor-version":[{"id":4573,"href":"https:\/\/magistradoscorrientes.com\/magistrados\/wp-json\/wp\/v2\/posts\/4565\/revisions\/4573"}],"wp:featuredmedia":[{"embeddable":true,"href":"https:\/\/magistradoscorrientes.com\/magistrados\/wp-json\/wp\/v2\/media\/4510"}],"wp:attachment":[{"href":"https:\/\/magistradoscorrientes.com\/magistrados\/wp-json\/wp\/v2\/media?parent=4565"}],"wp:term":[{"taxonomy":"category","embeddable":true,"href":"https:\/\/magistradoscorrientes.com\/magistrados\/wp-json\/wp\/v2\/categories?post=4565"},{"taxonomy":"post_tag","embeddable":true,"href":"https:\/\/magistradoscorrientes.com\/magistrados\/wp-json\/wp\/v2\/tags?post=4565"}],"curies":[{"name":"wp","href":"https:\/\/api.w.org\/{rel}","templated":true}]}}