{"id":4568,"date":"2017-08-28T19:22:46","date_gmt":"2017-08-28T22:22:46","guid":{"rendered":"http:\/\/magistradoscorrientes.com\/magistrados\/?p=4568"},"modified":"2020-11-17T19:29:17","modified_gmt":"2020-11-17T22:29:17","slug":"becas-para-el-8-congreso-latinoamericano-de-tecnicas-de-investigacion-criminal","status":"publish","type":"post","link":"https:\/\/magistradoscorrientes.com\/magistrados\/becas-para-el-8-congreso-latinoamericano-de-tecnicas-de-investigacion-criminal\/","title":{"rendered":"Becas para el 8\u00b0 Congreso Latinoamericano de T\u00e9cnicas de Investigaci\u00f3n Criminal"},"content":{"rendered":"\n<p>La Federaci\u00f3n Argentina de la Magistratura (FAM) inform\u00f3 que cuenta con dos becas (que cubrir\u00e1n el pago de la matr\u00edcula) para el 8\u00b0 Congreso Latinoamericano de T\u00e9cnicas de Investigaci\u00f3n Criminal, el cual se llevar\u00e1 a cabo del 27 al 29 de septiembre del corriente, en la Ciudad Aut\u00f3noma de Buenos Aires.<br>En esta ocasi\u00f3n, la Federaci\u00f3n determin\u00f3 que cada provincia deber\u00e1 enviar un solo postulante para participar del concurso de dicha beca, por lo que el Colegio de Magistrados de Corrientes otorgar\u00e1 ese lugar al asociado que se inscriba en primer t\u00e9rmino en la Secretar\u00eda de nuestra sede o por correo electr\u00f3nico secretariacolegiomagistrados@gmail.com . La fecha l\u00edmite de inscripci\u00f3n es el d\u00eda viernes 8 de septiembre del corriente a\u00f1o.<br>En la p\u00e1gina web http:\/\/coltic.com.ar\/ se encuentra toda la informaci\u00f3n detallada sobre el Congreso.<br>Cabe se\u00f1alar que, desde FAM, comunicaron que se seleccionar\u00e1 a los becarios teniendo en cuenta la acumulaci\u00f3n de becas otorgadas a la provincia del postulante desde el a\u00f1o 2012.<\/p>\n","protected":false},"excerpt":{"rendered":"<p>La Federaci\u00f3n Argentina de la Magistratura (FAM) inform\u00f3 que cuenta con dos becas (que cubrir\u00e1n el pago de la matr\u00edcula) para el 8\u00b0 Congreso Latinoamericano de T\u00e9cnicas de Investigaci\u00f3n Criminal, el cual se llevar\u00e1 a cabo del 27 al 29 de septiembre del corriente, en la Ciudad Aut\u00f3noma de Buenos Aires.En esta ocasi\u00f3n, la Federaci\u00f3n determin\u00f3 que cada provincia deber\u00e1 [&hellip;]<\/p>\n","protected":false},"author":1,"featured_media":4503,"comment_status":"closed","ping_status":"open","sticky":false,"template":"","format":"standard","meta":{"ngg_post_thumbnail":0},"categories":[13],"tags":[],"_links":{"self":[{"href":"https:\/\/magistradoscorrientes.com\/magistrados\/wp-json\/wp\/v2\/posts\/4568"}],"collection":[{"href":"https:\/\/magistradoscorrientes.com\/magistrados\/wp-json\/wp\/v2\/posts"}],"about":[{"href":"https:\/\/magistradoscorrientes.com\/magistrados\/wp-json\/wp\/v2\/types\/post"}],"author":[{"embeddable":true,"href":"https:\/\/magistradoscorrientes.com\/magistrados\/wp-json\/wp\/v2\/users\/1"}],"replies":[{"embeddable":true,"href":"https:\/\/magistradoscorrientes.com\/magistrados\/wp-json\/wp\/v2\/comments?post=4568"}],"version-history":[{"count":1,"href":"https:\/\/magistradoscorrientes.com\/magistrados\/wp-json\/wp\/v2\/posts\/4568\/revisions"}],"predecessor-version":[{"id":4576,"href":"https:\/\/magistradoscorrientes.com\/magistrados\/wp-json\/wp\/v2\/posts\/4568\/revisions\/4576"}],"wp:featuredmedia":[{"embeddable":true,"href":"https:\/\/magistradoscorrientes.com\/magistrados\/wp-json\/wp\/v2\/media\/4503"}],"wp:attachment":[{"href":"https:\/\/magistradoscorrientes.com\/magistrados\/wp-json\/wp\/v2\/media?parent=4568"}],"wp:term":[{"taxonomy":"category","embeddable":true,"href":"https:\/\/magistradoscorrientes.com\/magistrados\/wp-json\/wp\/v2\/categories?post=4568"},{"taxonomy":"post_tag","embeddable":true,"href":"https:\/\/magistradoscorrientes.com\/magistrados\/wp-json\/wp\/v2\/tags?post=4568"}],"curies":[{"name":"wp","href":"https:\/\/api.w.org\/{rel}","templated":true}]}}