{"id":4587,"date":"2017-06-30T20:52:03","date_gmt":"2017-06-30T23:52:03","guid":{"rendered":"http:\/\/magistradoscorrientes.com\/magistrados\/?p=4587"},"modified":"2020-11-17T20:56:34","modified_gmt":"2020-11-17T23:56:34","slug":"reunion-de-comision-directiva-mes-de-junio-2017","status":"publish","type":"post","link":"https:\/\/magistradoscorrientes.com\/magistrados\/reunion-de-comision-directiva-mes-de-junio-2017\/","title":{"rendered":"Reuni\u00f3n de Comisi\u00f3n Directiva \u2013 Mes de Junio 2017"},"content":{"rendered":"\n<p>La reuni\u00f3n mensual de Comisi\u00f3n Directiva del Colegio, tuvo lugar el pasado s\u00e1bado 24 en la localidad de Monte Caseros, con la presencia de asociados de la localidad y de Paso de los Libres, Capital, Itat\u00ed, Mercedes y Esquina.<br>Como primer punto, se abordaron temas planteados por asociados del interior, oportunidad en la que se solicit\u00f3 insistir con la prosecuci\u00f3n de los concursos para cubrir cargos de Asesor y Defensor en Monte Caseros y en los pedidos de psiquiatra para esa circunscripci\u00f3n, y m\u00e9dico forense para la localidad Esquina.<br>Tambi\u00e9n, se receptaron reclamos referidos a las falencias en cuanto al funcionamiento de la obra social Ioscor en Esquina, y otras localidades. En este sentido, el Dr. Carbone y la presidente, Dra. Gabriela Masferrer, informaron sobre de las gestiones realizadas ante autoridades de ese instituto en las que se pidieron alternativas y servicios preferenciales para los asociados. El Contador Vega, de Ioscor, se comprometi\u00f3 a brindar una charla informativa en el Colegio respecto del funcionamiento del servicio, y de la posibilidad de solicitar reintegros a la obra social. Por otra parte, desde el Colegio -a pedido del representante del Instituto- se asumi\u00f3 el compromiso de presentar un relevamiento respecto de los servicios y especialidades que no funcionan de manera \u00f3ptima en las localidades del interior de la provincia. Para ello, en breve, se solicitar\u00e1 a todos los asociados el aporte de datos concretos al respecto, a fin de brindar un informe exacto con las falencias y disfunciones de la obra social en las distintas jurisdicciones.<br>En otro orden, se recibi\u00f3 el reclamo de secretarios de la ciudad de Paso de los Libres, quienes manifestaron su malestar ante un traslado dispuesto por el Superior Tribunal de Justicia, sosteniendo que el mismo se dio fuera de los par\u00e1metros establecidos en el reglamento. Tambi\u00e9n los representantes de la Justicia de Paz, hicieron hincapi\u00e9 en la necesidad de jerarquizaci\u00f3n del sector. Todas las presentaciones fueron receptadas de manera favorable por la Comisi\u00f3n Directiva, determin\u00e1ndose all\u00ed la realizaci\u00f3n de gestiones pertinentes.<br>Posteriormente, la Dra. Luz Masferrer, brind\u00f3 el informe de presidencia, en el cual hizo referencia a las notas presentadas, de acuerdo a lo convenido en la \u00faltima reuni\u00f3n de Comisi\u00f3n. En este sentido, se destacaron las dirigidas al STJ, solicitando: se reforme la afectaci\u00f3n del presentismo por licencias otorgada por razones de enfermedad cuando deba practicarse atenci\u00f3n sanitaria, que exija traslado del agente a m\u00e1s de 70 Km; y la revocaci\u00f3n del punto 9\u00b0 del Acuerdo N\u00b0 16 referido a reducci\u00f3n de licencias psiqui\u00e1tricas. Tambi\u00e9n, hizo menci\u00f3n a la nota remitida al Dr. Guillermo Semhan en defensa de la carrera judicial de los secretarios, ante un llamado a concurso en C\u00e1mara.<br>A continuaci\u00f3n, se dio tratamiento a la nota presentada por el Dr. Diego Carbajal y se resolvi\u00f3 remitir al asociado, nota con explicaciones al respecto.<br>En la oportunidad, la presidente inform\u00f3 acerca de la reuni\u00f3n mantenida entre miembros del Consejo Directivo, y autoridades del SITRAJ en el Colegio. Coment\u00f3 que, del encuentro, surgi\u00f3 el compromiso de realizar acciones conjuntas para avanzar en materia de resoluci\u00f3n de conflictividad laboral, y en la capacitaci\u00f3n respecto de la funci\u00f3n judicial. En este marco, qued\u00f3 aprobada la propuesta destinada a los trabajadores judiciales elaborada por la Dra. Patricia Barbis, que ser\u00e1 llevada adelante en el mes de agosto, y para la cual se invita a los asociados que deseen sumarse, a participar como capacitadores.<br>Como \u00faltimo punto, qued\u00f3 aprobada por Comisi\u00f3n, la realizaci\u00f3n de un Seminario \u2013 Taller: Justicia y Medios de Comunicaci\u00f3n, con la conducci\u00f3n del Licenciado Kevin Lehman a realizarse los d\u00edas 4 y 5 de agosto en la sede del Colegio. La misma ser\u00e1 abierta para los asociados y se invitar\u00e1 especialmente a participar a los medios de comunicaci\u00f3n.<br>Finalmente, se dieron a conocer los convenios firmados en el \u00faltimo mes, con beneficios para los asociados del Colegio con las empresas: AUDEC, San Cristobal Seguros, Drophia Showroom, y Vassimaas Viajes.<\/p>\n","protected":false},"excerpt":{"rendered":"<p>La reuni\u00f3n mensual de Comisi\u00f3n Directiva del Colegio, tuvo lugar el pasado s\u00e1bado 24 en la localidad de Monte Caseros, con la presencia de asociados de la localidad y de Paso de los Libres, Capital, Itat\u00ed, Mercedes y Esquina.Como primer punto, se abordaron temas planteados por asociados del interior, oportunidad en la que se solicit\u00f3 insistir con la prosecuci\u00f3n de [&hellip;]<\/p>\n","protected":false},"author":1,"featured_media":4595,"comment_status":"closed","ping_status":"open","sticky":false,"template":"","format":"standard","meta":{"ngg_post_thumbnail":0},"categories":[13],"tags":[],"_links":{"self":[{"href":"https:\/\/magistradoscorrientes.com\/magistrados\/wp-json\/wp\/v2\/posts\/4587"}],"collection":[{"href":"https:\/\/magistradoscorrientes.com\/magistrados\/wp-json\/wp\/v2\/posts"}],"about":[{"href":"https:\/\/magistradoscorrientes.com\/magistrados\/wp-json\/wp\/v2\/types\/post"}],"author":[{"embeddable":true,"href":"https:\/\/magistradoscorrientes.com\/magistrados\/wp-json\/wp\/v2\/users\/1"}],"replies":[{"embeddable":true,"href":"https:\/\/magistradoscorrientes.com\/magistrados\/wp-json\/wp\/v2\/comments?post=4587"}],"version-history":[{"count":1,"href":"https:\/\/magistradoscorrientes.com\/magistrados\/wp-json\/wp\/v2\/posts\/4587\/revisions"}],"predecessor-version":[{"id":4596,"href":"https:\/\/magistradoscorrientes.com\/magistrados\/wp-json\/wp\/v2\/posts\/4587\/revisions\/4596"}],"wp:featuredmedia":[{"embeddable":true,"href":"https:\/\/magistradoscorrientes.com\/magistrados\/wp-json\/wp\/v2\/media\/4595"}],"wp:attachment":[{"href":"https:\/\/magistradoscorrientes.com\/magistrados\/wp-json\/wp\/v2\/media?parent=4587"}],"wp:term":[{"taxonomy":"category","embeddable":true,"href":"https:\/\/magistradoscorrientes.com\/magistrados\/wp-json\/wp\/v2\/categories?post=4587"},{"taxonomy":"post_tag","embeddable":true,"href":"https:\/\/magistradoscorrientes.com\/magistrados\/wp-json\/wp\/v2\/tags?post=4587"}],"curies":[{"name":"wp","href":"https:\/\/api.w.org\/{rel}","templated":true}]}}