{"id":4589,"date":"2017-06-13T20:52:07","date_gmt":"2017-06-13T23:52:07","guid":{"rendered":"http:\/\/magistradoscorrientes.com\/magistrados\/?p=4589"},"modified":"2020-11-17T21:00:15","modified_gmt":"2020-11-18T00:00:15","slug":"convocatoria-n-6-17-del-consejo-de-la-magistratura-de-corrientes","status":"publish","type":"post","link":"https:\/\/magistradoscorrientes.com\/magistrados\/convocatoria-n-6-17-del-consejo-de-la-magistratura-de-corrientes\/","title":{"rendered":"Convocatoria N\u00b0 6\/17 del Consejo de la Magistratura de Corrientes"},"content":{"rendered":"\n<p>El Consejo de la Magistratura, llama a cubrir los siguientes cargos en el Poder Judicial de la Provincia de Corrientes:<\/p>\n\n\n\n<p><em>Primera Circunscripci\u00f3n Judicial<\/em><\/p>\n\n\n\n<p>&#8211; Con asiento en la ciudad de Corrientes:<br>Un (1) cargo de Juez de la C\u00e1mara de Apelaciones en lo Civil y Comercial -Sala II-<\/p>\n\n\n\n<p>&#8211; Con asiento en la localidad de Ita Ibat\u00e9:<br>Un (1) cargo de Juez de Paz<\/p>\n\n\n\n<p><em>Quinta Circunscripci\u00f3n Judicial<\/em><\/p>\n\n\n\n<p>&#8211; Con asiento en la ciudad de Santo Tom\u00e9:<br>Un (1) cargo de Juez del Tribunal Oral Penal (segundo llamado).<\/p>\n\n\n\n<p>Inscripci\u00f3n: En la p\u00e1gina web:&nbsp;<a href=\"http:\/\/127.0.0.1\/notix\/noticia\/00526\/735\/%22http:\/\/www.juscorrientes.gov.ar\/seccion\/consejo-de-la-magistratura\/convocatorias%22\">http:\/\/www.juscorrientes.gov.ar\/seccion\/consejo-de-la-magistratura\/convocatorias<\/a>.<\/p>\n\n\n\n<p>Informes: En la p\u00e1gina web:&nbsp;<a href=\"http:\/\/127.0.0.1\/notix\/noticia\/00526\/735\/%22http:\/\/www.juscorrientes.gov.ar\/seccion\/consejo-de-la-magistratura\/convocatorias%22\">http:\/\/www.juscorrientes.gov.ar\/seccion\/consejo-de-la-magistratura\/convocatorias<\/a>, o al tel\u00e9fono 0379-4476532.<\/p>\n\n\n\n<p>Plazo: Desde las 00:00 hs. del 15 de junio a las 24:00 hs. del 29de junio de 2017.<\/p>\n\n\n\n<p>Requisitos de Admisibilidad: Art. 181 y 203 de la Constituci\u00f3n Provincial, 13, 14 y 15 de la Ley Org\u00e1nica de Administraci\u00f3n de Justicia; art. 26 y 26 bis del Reglamento Interno del Consejo de la Magistratura.<\/p>\n","protected":false},"excerpt":{"rendered":"<p>El Consejo de la Magistratura, llama a cubrir los siguientes cargos en el Poder Judicial de la Provincia de Corrientes: Primera Circunscripci\u00f3n Judicial &#8211; Con asiento en la ciudad de Corrientes:Un (1) cargo de Juez de la C\u00e1mara de Apelaciones en lo Civil y Comercial -Sala II- &#8211; Con asiento en la localidad de Ita Ibat\u00e9:Un (1) cargo de Juez [&hellip;]<\/p>\n","protected":false},"author":1,"featured_media":4600,"comment_status":"closed","ping_status":"open","sticky":false,"template":"","format":"standard","meta":{"ngg_post_thumbnail":0},"categories":[13],"tags":[],"_links":{"self":[{"href":"https:\/\/magistradoscorrientes.com\/magistrados\/wp-json\/wp\/v2\/posts\/4589"}],"collection":[{"href":"https:\/\/magistradoscorrientes.com\/magistrados\/wp-json\/wp\/v2\/posts"}],"about":[{"href":"https:\/\/magistradoscorrientes.com\/magistrados\/wp-json\/wp\/v2\/types\/post"}],"author":[{"embeddable":true,"href":"https:\/\/magistradoscorrientes.com\/magistrados\/wp-json\/wp\/v2\/users\/1"}],"replies":[{"embeddable":true,"href":"https:\/\/magistradoscorrientes.com\/magistrados\/wp-json\/wp\/v2\/comments?post=4589"}],"version-history":[{"count":1,"href":"https:\/\/magistradoscorrientes.com\/magistrados\/wp-json\/wp\/v2\/posts\/4589\/revisions"}],"predecessor-version":[{"id":4601,"href":"https:\/\/magistradoscorrientes.com\/magistrados\/wp-json\/wp\/v2\/posts\/4589\/revisions\/4601"}],"wp:featuredmedia":[{"embeddable":true,"href":"https:\/\/magistradoscorrientes.com\/magistrados\/wp-json\/wp\/v2\/media\/4600"}],"wp:attachment":[{"href":"https:\/\/magistradoscorrientes.com\/magistrados\/wp-json\/wp\/v2\/media?parent=4589"}],"wp:term":[{"taxonomy":"category","embeddable":true,"href":"https:\/\/magistradoscorrientes.com\/magistrados\/wp-json\/wp\/v2\/categories?post=4589"},{"taxonomy":"post_tag","embeddable":true,"href":"https:\/\/magistradoscorrientes.com\/magistrados\/wp-json\/wp\/v2\/tags?post=4589"}],"curies":[{"name":"wp","href":"https:\/\/api.w.org\/{rel}","templated":true}]}}