{"id":4593,"date":"2017-06-02T20:52:26","date_gmt":"2017-06-02T23:52:26","guid":{"rendered":"http:\/\/magistradoscorrientes.com\/magistrados\/?p=4593"},"modified":"2020-11-17T21:06:37","modified_gmt":"2020-11-18T00:06:37","slug":"el-salon-de-actos-del-colegio-con-fachada-renovada","status":"publish","type":"post","link":"https:\/\/magistradoscorrientes.com\/magistrados\/el-salon-de-actos-del-colegio-con-fachada-renovada\/","title":{"rendered":"El sal\u00f3n de actos del Colegio con fachada renovada"},"content":{"rendered":"\n<p>Durante la \u00faltima semana del mes de mayo, se realizaron -en las instalaciones del Colegio- importantes trabajos de arreglo y reparaci\u00f3n, entre los cuales se llev\u00f3 a cabo la pintura completa del sal\u00f3n de actos, dejando el mismo con una fachada impecable y listo para recibir a los asociados.<br>Se los invita a que\u00a0muy pronto hagan uso de \u00e9l, record\u00e1ndoles la fundamental importancia de colaborar con el cuidado y mantenimiento del sal\u00f3n, que es el espacio de todos.<\/p>\n","protected":false},"excerpt":{"rendered":"<p>Durante la \u00faltima semana del mes de mayo, se realizaron -en las instalaciones del Colegio- importantes trabajos de arreglo y reparaci\u00f3n, entre los cuales se llev\u00f3 a cabo la pintura completa del sal\u00f3n de actos, dejando el mismo con una fachada impecable y listo para recibir a los asociados.Se los invita a que\u00a0muy pronto hagan uso de \u00e9l, record\u00e1ndoles la [&hellip;]<\/p>\n","protected":false},"author":1,"featured_media":4615,"comment_status":"closed","ping_status":"open","sticky":false,"template":"","format":"standard","meta":{"ngg_post_thumbnail":0},"categories":[13],"tags":[],"_links":{"self":[{"href":"https:\/\/magistradoscorrientes.com\/magistrados\/wp-json\/wp\/v2\/posts\/4593"}],"collection":[{"href":"https:\/\/magistradoscorrientes.com\/magistrados\/wp-json\/wp\/v2\/posts"}],"about":[{"href":"https:\/\/magistradoscorrientes.com\/magistrados\/wp-json\/wp\/v2\/types\/post"}],"author":[{"embeddable":true,"href":"https:\/\/magistradoscorrientes.com\/magistrados\/wp-json\/wp\/v2\/users\/1"}],"replies":[{"embeddable":true,"href":"https:\/\/magistradoscorrientes.com\/magistrados\/wp-json\/wp\/v2\/comments?post=4593"}],"version-history":[{"count":1,"href":"https:\/\/magistradoscorrientes.com\/magistrados\/wp-json\/wp\/v2\/posts\/4593\/revisions"}],"predecessor-version":[{"id":4616,"href":"https:\/\/magistradoscorrientes.com\/magistrados\/wp-json\/wp\/v2\/posts\/4593\/revisions\/4616"}],"wp:featuredmedia":[{"embeddable":true,"href":"https:\/\/magistradoscorrientes.com\/magistrados\/wp-json\/wp\/v2\/media\/4615"}],"wp:attachment":[{"href":"https:\/\/magistradoscorrientes.com\/magistrados\/wp-json\/wp\/v2\/media?parent=4593"}],"wp:term":[{"taxonomy":"category","embeddable":true,"href":"https:\/\/magistradoscorrientes.com\/magistrados\/wp-json\/wp\/v2\/categories?post=4593"},{"taxonomy":"post_tag","embeddable":true,"href":"https:\/\/magistradoscorrientes.com\/magistrados\/wp-json\/wp\/v2\/tags?post=4593"}],"curies":[{"name":"wp","href":"https:\/\/api.w.org\/{rel}","templated":true}]}}