{"id":4594,"date":"2017-05-09T20:52:27","date_gmt":"2017-05-09T23:52:27","guid":{"rendered":"http:\/\/magistradoscorrientes.com\/magistrados\/?p=4594"},"modified":"2020-11-17T21:15:41","modified_gmt":"2020-11-18T00:15:41","slug":"convocan-a-cubrir-cargo-de-asesor-de-menores-e-incapaces","status":"publish","type":"post","link":"https:\/\/magistradoscorrientes.com\/magistrados\/convocan-a-cubrir-cargo-de-asesor-de-menores-e-incapaces\/","title":{"rendered":"Convocan a cubrir cargo de Asesor de Menores e Incapaces"},"content":{"rendered":"\n<p>El Consejo De La Magistratura de Corrientes, mediante la Convocatoria N\u00b0 5\/17, llama a inscripci\u00f3n para cubrir el cargo de Asesor de Menores e Incapaces N\u00b0 1, en la Primera Circunscripci\u00f3n Judicial, con asiento en la Ciudad de Corrientes.\u00a0<br>Inscripci\u00f3n: En la p\u00e1gina web:\u00a0<a href=\"http:\/\/127.0.0.1\/notix\/noticia\/00489\/452\/%22http:\/\/www.juscorrientes.gov.ar\/seccion\/consejo-de-la-magistratura\/convocatorias%22\">http:\/\/www.juscorrientes.gov.ar\/seccion\/consejo-de-la-magistratura\/convocatorias<\/a>.<br>Informes:En la p\u00e1gina web:\u00a0<a href=\"http:\/\/127.0.0.1\/notix\/noticia\/00489\/452\/%22http:\/\/www.juscorrientes.gov.ar\/seccion\/consejo-de-la-magistratura\/convocatorias%22\">http:\/\/www.juscorrientes.gov.ar\/seccion\/consejo-de-la-magistratura\/convocatorias<\/a>,\u00a0 o al telef. 0379-4476532<br>Plazo: Desde las 00:00 hs del 15.5.17 a las 24:00 hs del 29.5.17.<br>Requisitos de Admisibilidad: Art. 181 de la Constituci\u00f3n Provincial; art. 6 de la Ley Org\u00e1nica del Ministerio P\u00fablico;\u00a0 art. 26 y 26 bis del Reglamento Interno del Consejo de la Magistratura.<\/p>\n","protected":false},"excerpt":{"rendered":"<p>El Consejo De La Magistratura de Corrientes, mediante la Convocatoria N\u00b0 5\/17, llama a inscripci\u00f3n para cubrir el cargo de Asesor de Menores e Incapaces N\u00b0 1, en la Primera Circunscripci\u00f3n Judicial, con asiento en la Ciudad de Corrientes.\u00a0Inscripci\u00f3n: En la p\u00e1gina web:\u00a0http:\/\/www.juscorrientes.gov.ar\/seccion\/consejo-de-la-magistratura\/convocatorias.Informes:En la p\u00e1gina web:\u00a0http:\/\/www.juscorrientes.gov.ar\/seccion\/consejo-de-la-magistratura\/convocatorias,\u00a0 o al telef. 0379-4476532Plazo: Desde las 00:00 hs del 15.5.17 a las 24:00 hs [&hellip;]<\/p>\n","protected":false},"author":1,"featured_media":4639,"comment_status":"closed","ping_status":"open","sticky":false,"template":"","format":"standard","meta":{"ngg_post_thumbnail":0},"categories":[13],"tags":[],"_links":{"self":[{"href":"https:\/\/magistradoscorrientes.com\/magistrados\/wp-json\/wp\/v2\/posts\/4594"}],"collection":[{"href":"https:\/\/magistradoscorrientes.com\/magistrados\/wp-json\/wp\/v2\/posts"}],"about":[{"href":"https:\/\/magistradoscorrientes.com\/magistrados\/wp-json\/wp\/v2\/types\/post"}],"author":[{"embeddable":true,"href":"https:\/\/magistradoscorrientes.com\/magistrados\/wp-json\/wp\/v2\/users\/1"}],"replies":[{"embeddable":true,"href":"https:\/\/magistradoscorrientes.com\/magistrados\/wp-json\/wp\/v2\/comments?post=4594"}],"version-history":[{"count":1,"href":"https:\/\/magistradoscorrientes.com\/magistrados\/wp-json\/wp\/v2\/posts\/4594\/revisions"}],"predecessor-version":[{"id":4640,"href":"https:\/\/magistradoscorrientes.com\/magistrados\/wp-json\/wp\/v2\/posts\/4594\/revisions\/4640"}],"wp:featuredmedia":[{"embeddable":true,"href":"https:\/\/magistradoscorrientes.com\/magistrados\/wp-json\/wp\/v2\/media\/4639"}],"wp:attachment":[{"href":"https:\/\/magistradoscorrientes.com\/magistrados\/wp-json\/wp\/v2\/media?parent=4594"}],"wp:term":[{"taxonomy":"category","embeddable":true,"href":"https:\/\/magistradoscorrientes.com\/magistrados\/wp-json\/wp\/v2\/categories?post=4594"},{"taxonomy":"post_tag","embeddable":true,"href":"https:\/\/magistradoscorrientes.com\/magistrados\/wp-json\/wp\/v2\/tags?post=4594"}],"curies":[{"name":"wp","href":"https:\/\/api.w.org\/{rel}","templated":true}]}}