{"id":4608,"date":"2017-06-01T21:05:43","date_gmt":"2017-06-02T00:05:43","guid":{"rendered":"http:\/\/magistradoscorrientes.com\/magistrados\/?p=4608"},"modified":"2020-11-17T21:07:12","modified_gmt":"2020-11-18T00:07:12","slug":"acciones-ante-el-caso-de-la-dra-esquivel-iglesia","status":"publish","type":"post","link":"https:\/\/magistradoscorrientes.com\/magistrados\/acciones-ante-el-caso-de-la-dra-esquivel-iglesia\/","title":{"rendered":"Acciones ante el caso de la Dra. Esquivel Iglesia"},"content":{"rendered":"\n<p><em><strong>Estimados asociados:<\/strong><\/em><\/p>\n\n\n\n<p>Con motivo de los hechos ocurridos recientemente en los que se ha descalificado el accionar de la Dra. Rosa Esquivel Iglesia, titular del Juzgado de Menores N\u00b01, comunicamos a ustedes que autoridades de la Comisi\u00f3n Directiva, se han reunido con la magistrada para tomar contacto con la situaci\u00f3n.<\/p>\n\n\n\n<p>En dicha reuni\u00f3n la Dra. Esquivel brind\u00f3 un relato de los hechos, en el cual hizo saber que, al momento de tomar la decisi\u00f3n de revincular al menor con su progenitora, no exist\u00edan registros derivados de las entrevistas, ni de informes (socio ambiental, psicol\u00f3gico, m\u00e9dico) de fuente judicial o administrativa, que indicara alg\u00fan tipo de riesgo para el ni\u00f1o, tal como la misma ya hab\u00eda expresado a los medios de prensa el viernes pasado al comentar su intervenci\u00f3n en el caso.<\/p>\n\n\n\n<p>Ante esta situaci\u00f3n, de especiales caracter\u00edsticas, se\u00f1alamos que la evaluaci\u00f3n debe darse por parte de los organismos competentes, y no por las v\u00edas medi\u00e1ticas. Como ya hemos indicado en comunicaciones anteriores, toda disconformidad con las decisiones judiciales debe manifestarse a trav\u00e9s de los instrumentos t\u00e9cnicos\u2013legales correspondientes, confiando plenamente en las instituciones, y no mediante adjetivaciones o cr\u00edticas p\u00fablicas al accionar de los jueces.<\/p>\n\n\n\n<p>Adem\u00e1s, como el presente hecho hace evidente la necesidad de fortalecer la comunicaci\u00f3n correcta y objetiva, de lo obrado por los agentes de la justicia, frente a la sociedad, desde el Colegio ya se planifican acciones concretas en ese sentido, impulsando un taller de reflexi\u00f3n y capacitaci\u00f3n sobre el tema: Justicia y Prensa, a dictarse pr\u00f3ximamente por el Lic. Kevin Lemhan, especialista en la materia.<\/p>\n","protected":false},"excerpt":{"rendered":"<p>Estimados asociados: Con motivo de los hechos ocurridos recientemente en los que se ha descalificado el accionar de la Dra. Rosa Esquivel Iglesia, titular del Juzgado de Menores N\u00b01, comunicamos a ustedes que autoridades de la Comisi\u00f3n Directiva, se han reunido con la magistrada para tomar contacto con la situaci\u00f3n. En dicha reuni\u00f3n la Dra. Esquivel brind\u00f3 un relato de [&hellip;]<\/p>\n","protected":false},"author":1,"featured_media":4604,"comment_status":"closed","ping_status":"open","sticky":false,"template":"","format":"standard","meta":{"ngg_post_thumbnail":0},"categories":[13],"tags":[],"_links":{"self":[{"href":"https:\/\/magistradoscorrientes.com\/magistrados\/wp-json\/wp\/v2\/posts\/4608"}],"collection":[{"href":"https:\/\/magistradoscorrientes.com\/magistrados\/wp-json\/wp\/v2\/posts"}],"about":[{"href":"https:\/\/magistradoscorrientes.com\/magistrados\/wp-json\/wp\/v2\/types\/post"}],"author":[{"embeddable":true,"href":"https:\/\/magistradoscorrientes.com\/magistrados\/wp-json\/wp\/v2\/users\/1"}],"replies":[{"embeddable":true,"href":"https:\/\/magistradoscorrientes.com\/magistrados\/wp-json\/wp\/v2\/comments?post=4608"}],"version-history":[{"count":1,"href":"https:\/\/magistradoscorrientes.com\/magistrados\/wp-json\/wp\/v2\/posts\/4608\/revisions"}],"predecessor-version":[{"id":4617,"href":"https:\/\/magistradoscorrientes.com\/magistrados\/wp-json\/wp\/v2\/posts\/4608\/revisions\/4617"}],"wp:featuredmedia":[{"embeddable":true,"href":"https:\/\/magistradoscorrientes.com\/magistrados\/wp-json\/wp\/v2\/media\/4604"}],"wp:attachment":[{"href":"https:\/\/magistradoscorrientes.com\/magistrados\/wp-json\/wp\/v2\/media?parent=4608"}],"wp:term":[{"taxonomy":"category","embeddable":true,"href":"https:\/\/magistradoscorrientes.com\/magistrados\/wp-json\/wp\/v2\/categories?post=4608"},{"taxonomy":"post_tag","embeddable":true,"href":"https:\/\/magistradoscorrientes.com\/magistrados\/wp-json\/wp\/v2\/tags?post=4608"}],"curies":[{"name":"wp","href":"https:\/\/api.w.org\/{rel}","templated":true}]}}