{"id":4609,"date":"2017-05-30T21:05:45","date_gmt":"2017-05-31T00:05:45","guid":{"rendered":"http:\/\/magistradoscorrientes.com\/magistrados\/?p=4609"},"modified":"2020-11-17T21:08:28","modified_gmt":"2020-11-18T00:08:28","slug":"el-colegio-dono-dos-equipos-de-aire-acondicionado-al-centro-domingo-y-laura","status":"publish","type":"post","link":"https:\/\/magistradoscorrientes.com\/magistrados\/el-colegio-dono-dos-equipos-de-aire-acondicionado-al-centro-domingo-y-laura\/","title":{"rendered":"El Colegio don\u00f3 dos equipos de aire acondicionado al Centro Domingo y Laura"},"content":{"rendered":"\n<p>En marco del programa Colegio Solidario, la semana pasada se realiz\u00f3 la entrega de dos equipos de aires acondicionados -uno de 15.000 frigor\u00edas marca York, y otro marca Carrier, modelo Totaline-, a los responsables del Centro de Capacitaci\u00f3n Laboral Domingo y Laura, ubicado en Avenida del IV Centenario al 3400.<br>Los equipos entregados a la instituci\u00f3n de beneficencia, eran los que anteriormente se encontraban funcionando en el sal\u00f3n de actos del Colegio -hasta diciembre pasado- cuando fueron reemplazados por dos acondicionadores de aire nuevos, BGH de 18 mil frigor\u00edas cada uno fr\u00edo\/ calor.<br>Cabe destacar que la instituci\u00f3n receptora, trabaja diariamente con la comunidad, conteniendo a m\u00e1s de 250 personas. Actualmente funcionan all\u00ed, 7 talleres (Cotill\u00f3n en Goma Eva, Construcci\u00f3n de Muebles en palets, Instalaci\u00f3n y reparaci\u00f3n de Acondicionadores de aire, Tejido en crochet, Peluquer\u00eda, Cocina I y Cocina II) destinados a adolescentes, j\u00f3venes y adultos que buscan capacitarse para una r\u00e1pida salida laboral.<br>Asimismo, dicho establecimiento brinda clases de Apoyo Escolar para alumnos y alumnas de la educaci\u00f3n primaria, y ofrece 6 talleres recreativos (Escuela deportiva para varones, Escuela Deportiva para mujeres, Zumba, Yoga, Danzas folcl\u00f3ricas argentinas y Guitarra) destinados a ni\u00f1os, ni\u00f1as, adolescentes y j\u00f3venes que encuentran en estas propuestas una manera constructiva de expresi\u00f3n corporal.<br>Por estos y otros motivos, desde la Comisi\u00f3n Directiva del Colegio se determin\u00f3 la donaci\u00f3n de dichos aparatos a esta instituci\u00f3n, a fin de que ellos mismos se encargasen de repararlos y darle utilidad en sus instalaciones.<\/p>\n","protected":false},"excerpt":{"rendered":"<p>En marco del programa Colegio Solidario, la semana pasada se realiz\u00f3 la entrega de dos equipos de aires acondicionados -uno de 15.000 frigor\u00edas marca York, y otro marca Carrier, modelo Totaline-, a los responsables del Centro de Capacitaci\u00f3n Laboral Domingo y Laura, ubicado en Avenida del IV Centenario al 3400.Los equipos entregados a la instituci\u00f3n de beneficencia, eran los que [&hellip;]<\/p>\n","protected":false},"author":1,"featured_media":4618,"comment_status":"closed","ping_status":"open","sticky":false,"template":"","format":"standard","meta":{"ngg_post_thumbnail":0},"categories":[13],"tags":[],"_links":{"self":[{"href":"https:\/\/magistradoscorrientes.com\/magistrados\/wp-json\/wp\/v2\/posts\/4609"}],"collection":[{"href":"https:\/\/magistradoscorrientes.com\/magistrados\/wp-json\/wp\/v2\/posts"}],"about":[{"href":"https:\/\/magistradoscorrientes.com\/magistrados\/wp-json\/wp\/v2\/types\/post"}],"author":[{"embeddable":true,"href":"https:\/\/magistradoscorrientes.com\/magistrados\/wp-json\/wp\/v2\/users\/1"}],"replies":[{"embeddable":true,"href":"https:\/\/magistradoscorrientes.com\/magistrados\/wp-json\/wp\/v2\/comments?post=4609"}],"version-history":[{"count":1,"href":"https:\/\/magistradoscorrientes.com\/magistrados\/wp-json\/wp\/v2\/posts\/4609\/revisions"}],"predecessor-version":[{"id":4619,"href":"https:\/\/magistradoscorrientes.com\/magistrados\/wp-json\/wp\/v2\/posts\/4609\/revisions\/4619"}],"wp:featuredmedia":[{"embeddable":true,"href":"https:\/\/magistradoscorrientes.com\/magistrados\/wp-json\/wp\/v2\/media\/4618"}],"wp:attachment":[{"href":"https:\/\/magistradoscorrientes.com\/magistrados\/wp-json\/wp\/v2\/media?parent=4609"}],"wp:term":[{"taxonomy":"category","embeddable":true,"href":"https:\/\/magistradoscorrientes.com\/magistrados\/wp-json\/wp\/v2\/categories?post=4609"},{"taxonomy":"post_tag","embeddable":true,"href":"https:\/\/magistradoscorrientes.com\/magistrados\/wp-json\/wp\/v2\/tags?post=4609"}],"curies":[{"name":"wp","href":"https:\/\/api.w.org\/{rel}","templated":true}]}}