{"id":4610,"date":"2017-05-29T21:05:48","date_gmt":"2017-05-30T00:05:48","guid":{"rendered":"http:\/\/magistradoscorrientes.com\/magistrados\/?p=4610"},"modified":"2020-11-17T21:09:49","modified_gmt":"2020-11-18T00:09:49","slug":"reunion-de-miembros-de-comision-directiva-con-referentes-del-sitraj","status":"publish","type":"post","link":"https:\/\/magistradoscorrientes.com\/magistrados\/reunion-de-miembros-de-comision-directiva-con-referentes-del-sitraj\/","title":{"rendered":"Reuni\u00f3n de miembros de Comisi\u00f3n directiva con referentes del SITRAJ"},"content":{"rendered":"\n<p>En la sede del Colegio, se concret\u00f3 el pasado martes una reuni\u00f3n entre miembros de la Comisi\u00f3n Directiva y referentes del SITRAJ, en la que se traslad\u00f3 a las autoridades sindicales, la preocupaci\u00f3n manifestada por asociados, a ra\u00edz de una situaci\u00f3n de conflicto laboral en la ciudad de Goya.<br>Durante el encuentro, se avanz\u00f3 en el di\u00e1logo y el esclarecimiento respecto de la situaci\u00f3n puntual que les dio convocatoria, y se continu\u00f3 conversando respecto de la necesidad de crear un puente de di\u00e1logo permanente a nivel institucional entre el Sindicato y el Colegio, con miras a evitar la conflictividad laboral. Tambi\u00e9n se trabaj\u00f3 en la posibilidad de avanzar con otros mecanismos e instrumentos que colaborar\u00e1n en tal prop\u00f3sito.<br>La Presidente del Colegio, Dra. Luz Masferrer, explic\u00f3 que \u201ccon estas reuniones estamos dando un paso importante en la relaci\u00f3n institucional de trabajo conjunto\u201d. Asimismo, resalt\u00f3 que dichos encuentros favorecen a la toma de conciencia de la importancia de la labor mancomunada para el mejoramiento del servicio de Justicia, \u201cpor lo que debemos perseguir juntos alternativas de resoluci\u00f3n de conflictos\u201d.<br>Por su parte, las autoridades sindicales se comprometieron a trasladar la propuesta surgida del encuentro, a su pr\u00f3xima reuni\u00f3n de Comisi\u00f3n Directiva provincial, que se llevar\u00e1 a cabo en el mes de junio.<br>Cabe destacar que, los representantes dialogaron tambi\u00e9n en relaci\u00f3n a otras tem\u00e1ticas y preocupaciones comunes, planteando la posibilidad de organizar y llevar a cabo proyectos de capacitaci\u00f3n en conjunto.<br>Tambi\u00e9n desde el Colegio, se invit\u00f3 a referentes sindicales a sumar su participaci\u00f3n al taller dictado por el Dr. Palma sobre \u201cGesti\u00f3n y Liderazgo\u201d.<\/p>\n","protected":false},"excerpt":{"rendered":"<p>En la sede del Colegio, se concret\u00f3 el pasado martes una reuni\u00f3n entre miembros de la Comisi\u00f3n Directiva y referentes del SITRAJ, en la que se traslad\u00f3 a las autoridades sindicales, la preocupaci\u00f3n manifestada por asociados, a ra\u00edz de una situaci\u00f3n de conflicto laboral en la ciudad de Goya.Durante el encuentro, se avanz\u00f3 en el di\u00e1logo y el esclarecimiento respecto [&hellip;]<\/p>\n","protected":false},"author":1,"featured_media":4620,"comment_status":"closed","ping_status":"open","sticky":false,"template":"","format":"standard","meta":{"ngg_post_thumbnail":0},"categories":[13],"tags":[],"_links":{"self":[{"href":"https:\/\/magistradoscorrientes.com\/magistrados\/wp-json\/wp\/v2\/posts\/4610"}],"collection":[{"href":"https:\/\/magistradoscorrientes.com\/magistrados\/wp-json\/wp\/v2\/posts"}],"about":[{"href":"https:\/\/magistradoscorrientes.com\/magistrados\/wp-json\/wp\/v2\/types\/post"}],"author":[{"embeddable":true,"href":"https:\/\/magistradoscorrientes.com\/magistrados\/wp-json\/wp\/v2\/users\/1"}],"replies":[{"embeddable":true,"href":"https:\/\/magistradoscorrientes.com\/magistrados\/wp-json\/wp\/v2\/comments?post=4610"}],"version-history":[{"count":1,"href":"https:\/\/magistradoscorrientes.com\/magistrados\/wp-json\/wp\/v2\/posts\/4610\/revisions"}],"predecessor-version":[{"id":4621,"href":"https:\/\/magistradoscorrientes.com\/magistrados\/wp-json\/wp\/v2\/posts\/4610\/revisions\/4621"}],"wp:featuredmedia":[{"embeddable":true,"href":"https:\/\/magistradoscorrientes.com\/magistrados\/wp-json\/wp\/v2\/media\/4620"}],"wp:attachment":[{"href":"https:\/\/magistradoscorrientes.com\/magistrados\/wp-json\/wp\/v2\/media?parent=4610"}],"wp:term":[{"taxonomy":"category","embeddable":true,"href":"https:\/\/magistradoscorrientes.com\/magistrados\/wp-json\/wp\/v2\/categories?post=4610"},{"taxonomy":"post_tag","embeddable":true,"href":"https:\/\/magistradoscorrientes.com\/magistrados\/wp-json\/wp\/v2\/tags?post=4610"}],"curies":[{"name":"wp","href":"https:\/\/api.w.org\/{rel}","templated":true}]}}