{"id":4614,"date":"2017-05-23T21:06:05","date_gmt":"2017-05-24T00:06:05","guid":{"rendered":"http:\/\/magistradoscorrientes.com\/magistrados\/?p=4614"},"modified":"2020-11-17T21:12:42","modified_gmt":"2020-11-18T00:12:42","slug":"jueces-y-funcionarios-se-capacitaron-con-eje-en-la-gestion-de-calidad","status":"publish","type":"post","link":"https:\/\/magistradoscorrientes.com\/magistrados\/jueces-y-funcionarios-se-capacitaron-con-eje-en-la-gestion-de-calidad\/","title":{"rendered":"Jueces y funcionarios se capacitaron con eje en la \u201cGesti\u00f3n de Calidad\u201d"},"content":{"rendered":"\n<p>En el Colegio de Magistrados y Funcionarios del Poder Judicial de Corrientes, se llev\u00f3 a cabo el pasado fin de semana el segundo encuentro (de seis) correspondiente al curso \u201cGesti\u00f3n y Liderazgo\u201d dictado por el Dr. Luis Mar\u00eda Palma. Organizada por la asociaci\u00f3n anfitriona y la Federaci\u00f3n Argentina de la Magistratura, el objetivo es capacitar a los participantes para el an\u00e1lisis de los sistemas judiciales y las unidades que lo componen, su gesti\u00f3n y administraci\u00f3n.<br>Con la participaci\u00f3n de un centenar de magistrados y funcionarios del Poder Judicial de Corrientes -provenientes de distintos fueros y localidades- se desarroll\u00f3 una nueva etapa del curso que propone brindar conocimiento te\u00f3rico y pr\u00e1ctico de herramientas \u00fatiles para optimizar el funcionamiento de las oficinas judiciales, y la medici\u00f3n y evaluaci\u00f3n de su desempe\u00f1o. En la oportunidad, se profundiz\u00f3 en el abordaje de la \u201cgesti\u00f3n de calidad\u201d asociado al servicio de justicia, analizando principios b\u00e1sicos, normativas vigentes, estudios de casos, elementos de diagn\u00f3stico, problem\u00e1ticas detectadas, trabajo interdisciplinario y en equipo, herramientas digitales, m\u00e9todos, indicadores de impacto, entre otras cuestiones.<br>Con la din\u00e1mica que lo caracteriza al reconocido especialista insta, a lo largo de los encuentros, a desarrollar habilidades para la utilizaci\u00f3n sistem\u00e1tica de herramientas de an\u00e1lisis, evaluaci\u00f3n y mejora continua de la labor judicial, y a explorar nuevos dispositivos, procesos y secuencias de instrucciones. De esta manera se busca que los trabajadores judiciales puedan detectar los problemas en sus lugares del trabajo, identificar situaciones y trabajar en cuestiones operativas, avanzando en soluciones alcanzables.<br>Las pr\u00f3ximas clases se llevar\u00e1n a cabo, los d\u00edas 16 y 17 de junio, tambi\u00e9n en la sede de calle Buenos Aires 780, continuando con la modalidad presencial que tiene una duraci\u00f3n total de 60 horas.<br>Cabe se\u00f1alar que el Dr. Luis Mar\u00eda Palma es presidente E-Justicia Latinoam\u00e9rica; Vicepresidente para Am\u00e9rica Latina de la International Association for Court Administration (IACA); Decano de la Facultad de Estudios para Graduados (UB); Director del Centro de Estudios sobre la Justicia \u2013 CEJUS \u2013 (Facultad de Derecho \u2013 UBA); Dr. En Ciencias Pol\u00edticas (UB); Dr. En Sociolog\u00eda (UB); Dr. En Derecho Internacional Privado (Universidad Notarial Argentina); Posdoct. en Derecho (Pontif\u00edcia Universidade Cat\u00f3lica do Paran\u00e1 \u2013 Curitiba BR); Profesor titular de Evaluaci\u00f3n Institucional y de la Calidad de las Oficinas Judiciales (Escuela Judicial del Consejo de la Magistratura del Poder Judicial de la Naci\u00f3n); Fue coordinador general de la Comisi\u00f3n Nacional de Gesti\u00f3n Judicial (Corte Suprema de Justicia de la Naci\u00f3n); Coordinador del Programa Integral de Reforma Judicial (Ministerio de Justicia y DDHH de la Naci\u00f3n); y Secretario de la Mesa Permanente de Justicia del Di\u00e1logo Argentino.<\/p>\n","protected":false},"excerpt":{"rendered":"<p>En el Colegio de Magistrados y Funcionarios del Poder Judicial de Corrientes, se llev\u00f3 a cabo el pasado fin de semana el segundo encuentro (de seis) correspondiente al curso \u201cGesti\u00f3n y Liderazgo\u201d dictado por el Dr. Luis Mar\u00eda Palma. Organizada por la asociaci\u00f3n anfitriona y la Federaci\u00f3n Argentina de la Magistratura, el objetivo es capacitar a los participantes para el [&hellip;]<\/p>\n","protected":false},"author":1,"featured_media":4624,"comment_status":"closed","ping_status":"open","sticky":false,"template":"","format":"standard","meta":{"ngg_post_thumbnail":0},"categories":[13],"tags":[],"_links":{"self":[{"href":"https:\/\/magistradoscorrientes.com\/magistrados\/wp-json\/wp\/v2\/posts\/4614"}],"collection":[{"href":"https:\/\/magistradoscorrientes.com\/magistrados\/wp-json\/wp\/v2\/posts"}],"about":[{"href":"https:\/\/magistradoscorrientes.com\/magistrados\/wp-json\/wp\/v2\/types\/post"}],"author":[{"embeddable":true,"href":"https:\/\/magistradoscorrientes.com\/magistrados\/wp-json\/wp\/v2\/users\/1"}],"replies":[{"embeddable":true,"href":"https:\/\/magistradoscorrientes.com\/magistrados\/wp-json\/wp\/v2\/comments?post=4614"}],"version-history":[{"count":1,"href":"https:\/\/magistradoscorrientes.com\/magistrados\/wp-json\/wp\/v2\/posts\/4614\/revisions"}],"predecessor-version":[{"id":4625,"href":"https:\/\/magistradoscorrientes.com\/magistrados\/wp-json\/wp\/v2\/posts\/4614\/revisions\/4625"}],"wp:featuredmedia":[{"embeddable":true,"href":"https:\/\/magistradoscorrientes.com\/magistrados\/wp-json\/wp\/v2\/media\/4624"}],"wp:attachment":[{"href":"https:\/\/magistradoscorrientes.com\/magistrados\/wp-json\/wp\/v2\/media?parent=4614"}],"wp:term":[{"taxonomy":"category","embeddable":true,"href":"https:\/\/magistradoscorrientes.com\/magistrados\/wp-json\/wp\/v2\/categories?post=4614"},{"taxonomy":"post_tag","embeddable":true,"href":"https:\/\/magistradoscorrientes.com\/magistrados\/wp-json\/wp\/v2\/tags?post=4614"}],"curies":[{"name":"wp","href":"https:\/\/api.w.org\/{rel}","templated":true}]}}