{"id":4632,"date":"2017-08-12T21:14:44","date_gmt":"2017-08-13T00:14:44","guid":{"rendered":"http:\/\/magistradoscorrientes.com\/magistrados\/?p=4632"},"modified":"2020-11-17T21:18:19","modified_gmt":"2020-11-18T00:18:19","slug":"balance-de-reunion-de-comision-directiva-agosto-2017","status":"publish","type":"post","link":"https:\/\/magistradoscorrientes.com\/magistrados\/balance-de-reunion-de-comision-directiva-agosto-2017\/","title":{"rendered":"Balance de reuni\u00f3n de Comisi\u00f3n Directiva \u2013 Agosto 2017"},"content":{"rendered":"\n<p>El pasado s\u00e1bado 12 de agosto se realiz\u00f3 en la sede del Colegio, la reuni\u00f3n de Comisi\u00f3n Directiva, presidida por la presidente Dra. Luz Gabriela Masferrer, que cont\u00f3 con la presencia de vocales titulares y suplentes, representantes de las distintas jurisdicciones de la provincia.<\/p>\n\n\n\n<p>Al inicio del encuentro, en el informe de Presidencia se hizo una rese\u00f1a de las notas presentadas y recibidas por Secretar\u00eda, destac\u00e1ndose aquellas presentadas ante el Superior Tribunal de Justicia solicitando declaraci\u00f3n de inter\u00e9s a las actividades realizadas por el Colegio, que han obtenido una respuesta favorable.<\/p>\n\n\n\n<p>Tambi\u00e9n se hizo menci\u00f3n a otras notas -que a\u00fan no han tenido respuesta-&nbsp; formulando reclamos para el cumplimiento de reglamento en materia de traslado y ascenso, la categorizaci\u00f3n salarial de jueces y secretarios de la Justicia de Paz y peticiones de designaciones de cuerpos auxiliares. Se resolvi\u00f3, entonces, requerir la realizaci\u00f3n de una reuni\u00f3n con el Presidente del Superior Tribunal de Justicia y los Se\u00f1ores Ministros, para tratar todas las tem\u00e1ticas que el Colegio ha peticionado y que no han tenido tratamiento por el Alto Cuerpo.<\/p>\n\n\n\n<p>Comentando la actividad de capacitaci\u00f3n sobre Justicia y Medios de comunicaci\u00f3n realizada el 4 y 5 de agosto, se ha coincidido en que la misma ha sido exitosa y que deber\u00eda continuarse con otros talleres a realizarse en fecha pr\u00f3xima.<\/p>\n\n\n\n<p>En otro orden, se inform\u00f3 acerca de las Jornadas Preparatorias para el XI Congreso Nacional de Secretarios, que se realizar\u00e1n en Corrientes y Resistencia este viernes 18 de agosto. En la oportunidad se dio a conocer a los Secretarios miembros de Comisi\u00f3n el cronograma de desarrollo de la actividad y el programa previsto, solicitando la concurrencia&nbsp; de los secretarios a la jornada y el acompa\u00f1amiento de parte de los jefes de oficina, con la autorizaci\u00f3n de las licencias correspondientes.<\/p>\n\n\n\n<p>Con respecto a la nota presentada por los secretarios solicitando el tratamiento de varios temas que son de su inter\u00e9s, ente los cuales, la responsabilidad solidaria establecida por acuerdos 19 y 22 del STJ, se resolvi\u00f3 realizar una reuni\u00f3n general en la que se abordar\u00e1 la problem\u00e1tica, con el debido asesoramiento letrado para realizar las presentaciones que se estimen pertinentes.<\/p>\n\n\n\n<p>Posteriormente, se dio tratamiento a los temas del interior, oportunidad en la que el Dr. Vallejos coment\u00f3 acerca de la situaci\u00f3n que atraviesa Esquina con motivo del corte de camino terrestre por Ruta 12, a ra\u00edz de la ca\u00edda del puente sobre Arroyo Guaz\u00fa. Desde la Comisi\u00f3n Directiva, se manifest\u00f3 apoyo y solidaridad con la comunidad, poni\u00e9ndose a disposici\u00f3n para lo que se pudiera colaborar.<\/p>\n\n\n\n<p>En otro punto, con respecto a la cena del D\u00eda del Magistrado y otras celebraciones, se inform\u00f3 por Presidencia que se realizaron gestiones para que la Cena se celebre en el Sal\u00f3n Gran Paran\u00e1 el d\u00eda 22 de septiembre y que se est\u00e1n preparando otras actividades para el d\u00eda 15 en el Colegio, adem\u00e1s de la tradicional misa. Se resolvi\u00f3 que la mesa directiva determinar\u00e1 el costo de la tarjeta para los acompa\u00f1antes, que ser\u00e1 como todos los a\u00f1os, ser\u00e1 subsidiada en parte por el Colegio.<\/p>\n\n\n\n<p>Tambi\u00e9n se aprob\u00f3 la donaci\u00f3n de libros realizada al Colegio por la Dra. Mar\u00eda Elena Dadone, y se resolvi\u00f3 cursar una nota de agradecimiento.<\/p>\n\n\n\n<p>Entre otras gestiones realizadas por el Colegio, se hizo menci\u00f3n al desmalezamiento que se llev\u00f3 a cabo en el terreno adquirido para la sede social de esparcimiento, ubicado por Ruta 12, y se coment\u00f3 acerca de la reuni\u00f3n que se realiz\u00f3 con autoridades del Consejo de Profesionales de Arquitectura, Ingenier\u00eda y Agrimensura para la realizaci\u00f3n de un concurso de ideas y proyectos destinado a la construcci\u00f3n en aquel predio.<\/p>\n","protected":false},"excerpt":{"rendered":"<p>El pasado s\u00e1bado 12 de agosto se realiz\u00f3 en la sede del Colegio, la reuni\u00f3n de Comisi\u00f3n Directiva, presidida por la presidente Dra. Luz Gabriela Masferrer, que cont\u00f3 con la presencia de vocales titulares y suplentes, representantes de las distintas jurisdicciones de la provincia. Al inicio del encuentro, en el informe de Presidencia se hizo una rese\u00f1a de las notas [&hellip;]<\/p>\n","protected":false},"author":1,"featured_media":4645,"comment_status":"closed","ping_status":"open","sticky":false,"template":"","format":"standard","meta":{"ngg_post_thumbnail":0},"categories":[13],"tags":[],"_links":{"self":[{"href":"https:\/\/magistradoscorrientes.com\/magistrados\/wp-json\/wp\/v2\/posts\/4632"}],"collection":[{"href":"https:\/\/magistradoscorrientes.com\/magistrados\/wp-json\/wp\/v2\/posts"}],"about":[{"href":"https:\/\/magistradoscorrientes.com\/magistrados\/wp-json\/wp\/v2\/types\/post"}],"author":[{"embeddable":true,"href":"https:\/\/magistradoscorrientes.com\/magistrados\/wp-json\/wp\/v2\/users\/1"}],"replies":[{"embeddable":true,"href":"https:\/\/magistradoscorrientes.com\/magistrados\/wp-json\/wp\/v2\/comments?post=4632"}],"version-history":[{"count":1,"href":"https:\/\/magistradoscorrientes.com\/magistrados\/wp-json\/wp\/v2\/posts\/4632\/revisions"}],"predecessor-version":[{"id":4646,"href":"https:\/\/magistradoscorrientes.com\/magistrados\/wp-json\/wp\/v2\/posts\/4632\/revisions\/4646"}],"wp:featuredmedia":[{"embeddable":true,"href":"https:\/\/magistradoscorrientes.com\/magistrados\/wp-json\/wp\/v2\/media\/4645"}],"wp:attachment":[{"href":"https:\/\/magistradoscorrientes.com\/magistrados\/wp-json\/wp\/v2\/media?parent=4632"}],"wp:term":[{"taxonomy":"category","embeddable":true,"href":"https:\/\/magistradoscorrientes.com\/magistrados\/wp-json\/wp\/v2\/categories?post=4632"},{"taxonomy":"post_tag","embeddable":true,"href":"https:\/\/magistradoscorrientes.com\/magistrados\/wp-json\/wp\/v2\/tags?post=4632"}],"curies":[{"name":"wp","href":"https:\/\/api.w.org\/{rel}","templated":true}]}}