{"id":4634,"date":"2017-08-07T21:14:54","date_gmt":"2017-08-08T00:14:54","guid":{"rendered":"http:\/\/magistradoscorrientes.com\/magistrados\/?p=4634"},"modified":"2020-11-17T21:19:58","modified_gmt":"2020-11-18T00:19:58","slug":"periodistas-y-magistrados-debatieron-y-se-capacitaron-en-comunicacion-judicial","status":"publish","type":"post","link":"https:\/\/magistradoscorrientes.com\/magistrados\/periodistas-y-magistrados-debatieron-y-se-capacitaron-en-comunicacion-judicial\/","title":{"rendered":"Periodistas y Magistrados debatieron y se capacitaron en comunicaci\u00f3n judicial"},"content":{"rendered":"\n<p>El Colegio de Magistrados, fue sede de un encuentro entre periodistas y agentes judiciales, en el cual se trabaj\u00f3 en torno a la materia de comunicaci\u00f3n. Los participantes se capacitaron en un seminario a cargo del especialista en la materia, Lic. Kevin Lehmann, y luego compartieron un taller de intercambio y reflexi\u00f3n.<br>La actividad tuvo lugar los d\u00edas 4 y 5 de agosto, y cont\u00f3 con la presencia de m\u00e1s de 70 asistentes entre comunicadores sociales -pertenecientes a diversos medios gr\u00e1ficos, radiales y digitales- magistrados y funcionarios del Poder Judicial de Capital y el interior. Se cont\u00f3 adem\u00e1s, con la destacada participaci\u00f3n del Ministro del Superior Tribunal de Justicia, Dr. Eduardo Panseri; funcionarios de la Direcci\u00f3n de Ceremonial, Prensa y Relaciones Institucionales del STJ y del Ministerio P\u00fablico Fiscal; representantes del Servicio Penitenciario y otros organismos estatales.<br>A lo largo de ambas jornadas, se trabaj\u00f3 con el objetivo de mejorar los procesos y canales de comunicaci\u00f3n en relaci\u00f3n a temas judiciales, con el objetivo de que el mensaje llegue de la mejor manera a la comunidad. El Lic. Lehmann plante\u00f3 durante su disertaci\u00f3n los cambios y desaf\u00edos del Poder Judicial; los problemas con los que hoy se encuentra dentro del \u00e1rea de comunicaci\u00f3n; las expectativas que se dan en torno a ello; el rol de los medios de comunicaci\u00f3n y la sociedad; la construcci\u00f3n de la verdad p\u00fablica; y los nuevos desaf\u00edos con los que hoy se encuentra la Judicatura.<br>Lo expuesto el viernes por el experto, dio pie al debate desarrollado durante la ma\u00f1ana del s\u00e1bado, donde los periodistas y agentes judiciales dialogaron y brindaron sus puntos de vista, trabajando en base a hechos y casos reales, resonantes en los \u00faltimos tiempos. El disertante cont\u00f3 que, a ra\u00edz de ello, se ahond\u00f3 en interesantes niveles de an\u00e1lisis en torno a la problem\u00e1tica planteada de restricciones de la comunicaci\u00f3n, y se realizaron propuestas que en un futuro se pondr\u00e1n en marcha en planes de trabajo.<br>La presidente del Colegio anfitri\u00f3n, Dra. Luz Gabriela Masferrer, destac\u00f3 la participaci\u00f3n de los presentes y se\u00f1al\u00f3 que \u201cfueron encuentros muy productivos porque pudimos intercambiar entre las visiones de los comunicadores sociales y las nuestras, entendi\u00e9ndonos mejor respecto de conceptos, tiempos, y complicaciones que cada uno tiene\u201d.\u00a0 Se\u00f1al\u00f3 adem\u00e1s que \u201ceste encuentro de valios\u00edsimo aporte para nosotros, fue la primera de muchas acciones que llevaremos en torno a esta materia\u201d y manifest\u00f3 la necesidad que tienen los agentes judiciales de formarse para comunicar a la sociedad el trabajo que realizan, de una manera m\u00e1s adecuada y eficaz, ajustada a los tiempos que corren.<br>Por su parte, el Lic. Lehmann manifest\u00f3 la importancia \u201cde que los magistrados hoy se formen en cuestiones de comunicaci\u00f3n para llegar de una mejor manera a los ciudadanos a trav\u00e9s de los medios\u201d y remarc\u00f3 \u201clas acciones y el compromiso del Colegio\u201d, en este sentido.<\/p>\n","protected":false},"excerpt":{"rendered":"<p>El Colegio de Magistrados, fue sede de un encuentro entre periodistas y agentes judiciales, en el cual se trabaj\u00f3 en torno a la materia de comunicaci\u00f3n. Los participantes se capacitaron en un seminario a cargo del especialista en la materia, Lic. Kevin Lehmann, y luego compartieron un taller de intercambio y reflexi\u00f3n.La actividad tuvo lugar los d\u00edas 4 y 5 [&hellip;]<\/p>\n","protected":false},"author":1,"featured_media":4649,"comment_status":"closed","ping_status":"open","sticky":false,"template":"","format":"standard","meta":{"ngg_post_thumbnail":0},"categories":[13],"tags":[],"_links":{"self":[{"href":"https:\/\/magistradoscorrientes.com\/magistrados\/wp-json\/wp\/v2\/posts\/4634"}],"collection":[{"href":"https:\/\/magistradoscorrientes.com\/magistrados\/wp-json\/wp\/v2\/posts"}],"about":[{"href":"https:\/\/magistradoscorrientes.com\/magistrados\/wp-json\/wp\/v2\/types\/post"}],"author":[{"embeddable":true,"href":"https:\/\/magistradoscorrientes.com\/magistrados\/wp-json\/wp\/v2\/users\/1"}],"replies":[{"embeddable":true,"href":"https:\/\/magistradoscorrientes.com\/magistrados\/wp-json\/wp\/v2\/comments?post=4634"}],"version-history":[{"count":1,"href":"https:\/\/magistradoscorrientes.com\/magistrados\/wp-json\/wp\/v2\/posts\/4634\/revisions"}],"predecessor-version":[{"id":4650,"href":"https:\/\/magistradoscorrientes.com\/magistrados\/wp-json\/wp\/v2\/posts\/4634\/revisions\/4650"}],"wp:featuredmedia":[{"embeddable":true,"href":"https:\/\/magistradoscorrientes.com\/magistrados\/wp-json\/wp\/v2\/media\/4649"}],"wp:attachment":[{"href":"https:\/\/magistradoscorrientes.com\/magistrados\/wp-json\/wp\/v2\/media?parent=4634"}],"wp:term":[{"taxonomy":"category","embeddable":true,"href":"https:\/\/magistradoscorrientes.com\/magistrados\/wp-json\/wp\/v2\/categories?post=4634"},{"taxonomy":"post_tag","embeddable":true,"href":"https:\/\/magistradoscorrientes.com\/magistrados\/wp-json\/wp\/v2\/tags?post=4634"}],"curies":[{"name":"wp","href":"https:\/\/api.w.org\/{rel}","templated":true}]}}