{"id":4636,"date":"2017-04-25T21:15:06","date_gmt":"2017-04-26T00:15:06","guid":{"rendered":"http:\/\/magistradoscorrientes.com\/magistrados\/?p=4636"},"modified":"2020-11-17T21:36:03","modified_gmt":"2020-11-18T00:36:03","slug":"nutrida-participacion-y-positivo-balance-en-el-inicio-de-la-capacitacion-en-gestion-y-liderazgo","status":"publish","type":"post","link":"https:\/\/magistradoscorrientes.com\/magistrados\/nutrida-participacion-y-positivo-balance-en-el-inicio-de-la-capacitacion-en-gestion-y-liderazgo\/","title":{"rendered":"Nutrida participaci\u00f3n y positivo balance, en el inicio de la capacitaci\u00f3n en Gesti\u00f3n y Liderazgo"},"content":{"rendered":"\n<p>El pasado viernes 21 de abril dio inicio el Curso de Gesti\u00f3n y Liderazgo, a cargo del Dr. Luis Mar\u00eda Palma, impulsado por la Federaci\u00f3n Argentina de la Magistratura y el Colegio de Magistrados y Funcionarios de Corrientes. El mismo cont\u00f3 con m\u00e1s de 100 asistentes de diversos fueros, de Capital y del interior, que presenciaron charlas magistrales, y participaron de talleres. La actividad continuar\u00e1 los d\u00edas 19 y 20 de mayo.<br>Durante los d\u00edas viernes y s\u00e1bado \u00faltimos, el Colegio fue sede de un encuentro de magistrados, funcionarios y trabajadores del Poder Judicial correntino. El disertante del evento, explic\u00f3 que \u201cen este primer m\u00f3dulo empezamos por pensar los problemas que hoy tienen las unidades de trabajo de la Justicia a trav\u00e9s de las personas que se desempe\u00f1an en ella, y avanzamos en el an\u00e1lisis de las formas y alternativas de resoluci\u00f3n de los mismos a partir de las herramientas que disponemos desde el liderazgo y el trabajo en equipo\u201d.<br>Las clases se desarrollaron en modalidad de conferencia, a cargo del Dr. Palma, y de taller con activa participaci\u00f3n de los presentes en las consignas. El especialista destac\u00f3 que esta propuesta de capacitaci\u00f3n \u201cuna excelente iniciativa\u201d porque actualmente los problemas de factor humano que se presentan en las oficinas de trabajo \u201cson recurrentes\u201d, y que \u201ca trav\u00e9s de la capacitaci\u00f3n que se est\u00e1 promoviendo desde el Colegio y la FAM, se brinda herramientas esenciales para lograr la superaci\u00f3n de estos problemas, promoviendo el di\u00e1logo y la participaci\u00f3n de los m\u00e1s importante que tiene la Justicia, que es la gente que trabaja en ella\u201d.<br>El Dr. Palma, destac\u00f3 el compromiso de los magistrados y funcionarios correntinos, se\u00f1alando la muy buena aceptaci\u00f3n por parte de los mismos, a los que calific\u00f3 como \u201cmuy entusiastas e interesados en tratar de mejorar y pensar c\u00f3mo es que este progreso se puede ir dando de adentro hacia afuera, logrando peque\u00f1os cambios, que sean cada vez mayores\u201d. \u201cEn esta primera clase hemos pensado en c\u00f3mo utilizar mejor las herramientas para avanzar cuando se identifican los problemas, tratando de trabajar sobre aquellos que ellos, y las personas con las cuales trabajan, pueden resolver\u201d, coment\u00f3.<br>El Curso de Gesti\u00f3n y Liderazgo continuar\u00e1 los d\u00edas 19 y 20 de mayo, y posteriormente el 17 y 18 de junio. Las fechas de las \u00faltimas seis clases, ser\u00e1n confirmadas pr\u00f3ximamente, ya que se recuerda que dicha capacitaci\u00f3n es de modalidad presencial con un total de 60 horas. De acuerdo a lo anticipado por el disertante, en el pr\u00f3ximo m\u00f3dulo, se continuar\u00e1 trabajando respecto de formas generaci\u00f3n de estructuras para la soluci\u00f3n de los problemas, a trav\u00e9s de la utilizaci\u00f3n de herramientas brindadas.<\/p>\n\n\n\n<p><em><strong>Cabe se\u00f1alar que, en el canal de You Tube \u201cColegio de Magistrados de Corrientes\u201d, ya se encuentran subidas las clases del curso, disponibles para que todos los asociados puedan acceder a las disertaciones del Dr. Luis Mar\u00eda Palma.<\/strong><\/em><\/p>\n","protected":false},"excerpt":{"rendered":"<p>El pasado viernes 21 de abril dio inicio el Curso de Gesti\u00f3n y Liderazgo, a cargo del Dr. Luis Mar\u00eda Palma, impulsado por la Federaci\u00f3n Argentina de la Magistratura y el Colegio de Magistrados y Funcionarios de Corrientes. El mismo cont\u00f3 con m\u00e1s de 100 asistentes de diversos fueros, de Capital y del interior, que presenciaron charlas magistrales, y participaron [&hellip;]<\/p>\n","protected":false},"author":1,"featured_media":4672,"comment_status":"closed","ping_status":"open","sticky":false,"template":"","format":"standard","meta":{"ngg_post_thumbnail":0},"categories":[13],"tags":[],"_links":{"self":[{"href":"https:\/\/magistradoscorrientes.com\/magistrados\/wp-json\/wp\/v2\/posts\/4636"}],"collection":[{"href":"https:\/\/magistradoscorrientes.com\/magistrados\/wp-json\/wp\/v2\/posts"}],"about":[{"href":"https:\/\/magistradoscorrientes.com\/magistrados\/wp-json\/wp\/v2\/types\/post"}],"author":[{"embeddable":true,"href":"https:\/\/magistradoscorrientes.com\/magistrados\/wp-json\/wp\/v2\/users\/1"}],"replies":[{"embeddable":true,"href":"https:\/\/magistradoscorrientes.com\/magistrados\/wp-json\/wp\/v2\/comments?post=4636"}],"version-history":[{"count":1,"href":"https:\/\/magistradoscorrientes.com\/magistrados\/wp-json\/wp\/v2\/posts\/4636\/revisions"}],"predecessor-version":[{"id":4673,"href":"https:\/\/magistradoscorrientes.com\/magistrados\/wp-json\/wp\/v2\/posts\/4636\/revisions\/4673"}],"wp:featuredmedia":[{"embeddable":true,"href":"https:\/\/magistradoscorrientes.com\/magistrados\/wp-json\/wp\/v2\/media\/4672"}],"wp:attachment":[{"href":"https:\/\/magistradoscorrientes.com\/magistrados\/wp-json\/wp\/v2\/media?parent=4636"}],"wp:term":[{"taxonomy":"category","embeddable":true,"href":"https:\/\/magistradoscorrientes.com\/magistrados\/wp-json\/wp\/v2\/categories?post=4636"},{"taxonomy":"post_tag","embeddable":true,"href":"https:\/\/magistradoscorrientes.com\/magistrados\/wp-json\/wp\/v2\/tags?post=4636"}],"curies":[{"name":"wp","href":"https:\/\/api.w.org\/{rel}","templated":true}]}}