{"id":4637,"date":"2017-07-11T21:15:06","date_gmt":"2017-07-12T00:15:06","guid":{"rendered":"http:\/\/magistradoscorrientes.com\/magistrados\/?p=4637"},"modified":"2020-11-17T21:23:05","modified_gmt":"2020-11-18T00:23:05","slug":"el-22-de-septiembre-se-realizara-la-fiesta-por-el-dia-del-magistrados-y-la-funcion-judicial","status":"publish","type":"post","link":"https:\/\/magistradoscorrientes.com\/magistrados\/el-22-de-septiembre-se-realizara-la-fiesta-por-el-dia-del-magistrados-y-la-funcion-judicial\/","title":{"rendered":"El 22 de septiembre se realizar\u00e1 la Fiesta por el D\u00eda del Magistrados y la Funci\u00f3n Judicial"},"content":{"rendered":"\n<p>La Fiesta por el D\u00eda del Magistrado y la Funci\u00f3n Judicial, tendr\u00e1 lugar el viernes 22 de septiembre en el Sal\u00f3n Gran Paran\u00e1 de Casinos del Litoral.<br>La tarjeta al evento ser\u00e1 gratuita para los asociados, y para el acompa\u00f1ante -como es habitual- tendr\u00e1 un costo menor al real, que ser\u00e1 oportunamente comunicado.<br>Asimismo, se recuerda que la comisi\u00f3n organizadora, est\u00e1 abierta a recibir propuestas, sugerencias y aportes respecto de la realizaci\u00f3n del evento, y que se tendr\u00e1n en cuenta las opiniones volcadas en las encuestas que fueron respondidas por esta v\u00eda.<\/p>\n","protected":false},"excerpt":{"rendered":"<p>La Fiesta por el D\u00eda del Magistrado y la Funci\u00f3n Judicial, tendr\u00e1 lugar el viernes 22 de septiembre en el Sal\u00f3n Gran Paran\u00e1 de Casinos del Litoral.La tarjeta al evento ser\u00e1 gratuita para los asociados, y para el acompa\u00f1ante -como es habitual- tendr\u00e1 un costo menor al real, que ser\u00e1 oportunamente comunicado.Asimismo, se recuerda que la comisi\u00f3n organizadora, est\u00e1 abierta [&hellip;]<\/p>\n","protected":false},"author":1,"featured_media":4653,"comment_status":"closed","ping_status":"open","sticky":false,"template":"","format":"standard","meta":{"ngg_post_thumbnail":0},"categories":[13],"tags":[],"_links":{"self":[{"href":"https:\/\/magistradoscorrientes.com\/magistrados\/wp-json\/wp\/v2\/posts\/4637"}],"collection":[{"href":"https:\/\/magistradoscorrientes.com\/magistrados\/wp-json\/wp\/v2\/posts"}],"about":[{"href":"https:\/\/magistradoscorrientes.com\/magistrados\/wp-json\/wp\/v2\/types\/post"}],"author":[{"embeddable":true,"href":"https:\/\/magistradoscorrientes.com\/magistrados\/wp-json\/wp\/v2\/users\/1"}],"replies":[{"embeddable":true,"href":"https:\/\/magistradoscorrientes.com\/magistrados\/wp-json\/wp\/v2\/comments?post=4637"}],"version-history":[{"count":1,"href":"https:\/\/magistradoscorrientes.com\/magistrados\/wp-json\/wp\/v2\/posts\/4637\/revisions"}],"predecessor-version":[{"id":4654,"href":"https:\/\/magistradoscorrientes.com\/magistrados\/wp-json\/wp\/v2\/posts\/4637\/revisions\/4654"}],"wp:featuredmedia":[{"embeddable":true,"href":"https:\/\/magistradoscorrientes.com\/magistrados\/wp-json\/wp\/v2\/media\/4653"}],"wp:attachment":[{"href":"https:\/\/magistradoscorrientes.com\/magistrados\/wp-json\/wp\/v2\/media?parent=4637"}],"wp:term":[{"taxonomy":"category","embeddable":true,"href":"https:\/\/magistradoscorrientes.com\/magistrados\/wp-json\/wp\/v2\/categories?post=4637"},{"taxonomy":"post_tag","embeddable":true,"href":"https:\/\/magistradoscorrientes.com\/magistrados\/wp-json\/wp\/v2\/tags?post=4637"}],"curies":[{"name":"wp","href":"https:\/\/api.w.org\/{rel}","templated":true}]}}