{"id":4638,"date":"2017-07-31T21:15:12","date_gmt":"2017-08-01T00:15:12","guid":{"rendered":"http:\/\/magistradoscorrientes.com\/magistrados\/?p=4638"},"modified":"2020-11-17T21:21:09","modified_gmt":"2020-11-18T00:21:09","slug":"viernes-4-y-sabado-5-seminario-taller-sobre-justicia-y-medios-de-comunicacion","status":"publish","type":"post","link":"https:\/\/magistradoscorrientes.com\/magistrados\/viernes-4-y-sabado-5-seminario-taller-sobre-justicia-y-medios-de-comunicacion\/","title":{"rendered":"VIERNES 4 Y S\u00c1BADO 5: Seminario taller sobre Justicia y Medios de Comunicaci\u00f3n"},"content":{"rendered":"\n<p>En la sede del Colegio \u2013Buenos Aires 780- se realizar\u00e1 este viernes por la tarde y s\u00e1bado por la ma\u00f1ana un seminario taller sobre justicia y prensa dictado por el Licenciado Kevin Lehmann, quien es especialista en comunicaci\u00f3n de las organizaciones, opini\u00f3n p\u00fablica y medios de comunicaci\u00f3n. La actividad est\u00e1 destinada a integrantes del Poder Judicial, periodistas, trabajadores y responsables de medios de prensa y difusi\u00f3n.<br>La jornada ser\u00e1 gratuita para los asociados a la instituci\u00f3n e invitados, mientras que para los no socios tendr\u00e1 un costo de $200, y se entregar\u00e1n certificados y tendr\u00e1 lugar los d\u00edas viernes 4 de 17:00 a 20:00 Hs. y el s\u00e1bado 5 de 09:00 a 12:00 Hs. La asistencia al mismo requerir\u00e1 previa inscripci\u00f3n, la cual deber\u00e1 hacerse a trav\u00e9s de la Secretar\u00eda del Colegio a trav\u00e9s del E-mail: colegiomagistrados@gmail.com, el tel\u00e9fono 0379 \u2013 4426198 o en la propia sede, Buenos Aires 780, Corrientes Capital.<br>Cabe resaltar que, el Dr. Kevin Lemhann es soci\u00f3logo y Licenciado en\u00a0 Ciencias Pol\u00edticas. Curs\u00f3 la Maestr\u00eda en Gesti\u00f3n de la Comunicaci\u00f3n en las Organizaciones (Univ. Austral) y los posgrados: en Opini\u00f3n P\u00fablica y Medios de Comunicaci\u00f3n (FLACSO &#8211; INAP) y en Control y Gesti\u00f3n de Pol\u00edticas P\u00fablicas (FLACSO \u2013 INAP). Fue Profesor en la UBA, de la Universidad del Salvador, de la Universidad Austral y de la UNNOBA. Dict\u00f3 cursos, seminarios y disertaciones en la Corte Suprema de Justicia de la Naci\u00f3n y en Superiores Tribunales de Justicia, Colegios de Magistrados y Escuelas Judiciales\u00a0 de numerosas provincias. Fue director de la agencia T\u00e9lam, consultor del CFI, del Banco Mundial y del BID en proyectos locales e internacionales y asesor de comunicaci\u00f3n de la Federaci\u00f3n Argentina de la Magistratura.<br>Actualmente es Vocero del Colegio de Magistrados y Funcionarios del Poder Judicial de la Provincia de Buenos Aires; Co Director de la Diplomatura en Comunicaci\u00f3n Judicial de la Escuela de Capacitaci\u00f3n Judicial y la Universidad Nacional de C\u00f3rdoba, y asesor del Ministerio de Ciencia y Tecnolog\u00eda de la Naci\u00f3n.<\/p>\n","protected":false},"excerpt":{"rendered":"<p>En la sede del Colegio \u2013Buenos Aires 780- se realizar\u00e1 este viernes por la tarde y s\u00e1bado por la ma\u00f1ana un seminario taller sobre justicia y prensa dictado por el Licenciado Kevin Lehmann, quien es especialista en comunicaci\u00f3n de las organizaciones, opini\u00f3n p\u00fablica y medios de comunicaci\u00f3n. La actividad est\u00e1 destinada a integrantes del Poder Judicial, periodistas, trabajadores y responsables [&hellip;]<\/p>\n","protected":false},"author":1,"featured_media":4651,"comment_status":"closed","ping_status":"open","sticky":false,"template":"","format":"standard","meta":{"ngg_post_thumbnail":0},"categories":[13],"tags":[],"_links":{"self":[{"href":"https:\/\/magistradoscorrientes.com\/magistrados\/wp-json\/wp\/v2\/posts\/4638"}],"collection":[{"href":"https:\/\/magistradoscorrientes.com\/magistrados\/wp-json\/wp\/v2\/posts"}],"about":[{"href":"https:\/\/magistradoscorrientes.com\/magistrados\/wp-json\/wp\/v2\/types\/post"}],"author":[{"embeddable":true,"href":"https:\/\/magistradoscorrientes.com\/magistrados\/wp-json\/wp\/v2\/users\/1"}],"replies":[{"embeddable":true,"href":"https:\/\/magistradoscorrientes.com\/magistrados\/wp-json\/wp\/v2\/comments?post=4638"}],"version-history":[{"count":1,"href":"https:\/\/magistradoscorrientes.com\/magistrados\/wp-json\/wp\/v2\/posts\/4638\/revisions"}],"predecessor-version":[{"id":4652,"href":"https:\/\/magistradoscorrientes.com\/magistrados\/wp-json\/wp\/v2\/posts\/4638\/revisions\/4652"}],"wp:featuredmedia":[{"embeddable":true,"href":"https:\/\/magistradoscorrientes.com\/magistrados\/wp-json\/wp\/v2\/media\/4651"}],"wp:attachment":[{"href":"https:\/\/magistradoscorrientes.com\/magistrados\/wp-json\/wp\/v2\/media?parent=4638"}],"wp:term":[{"taxonomy":"category","embeddable":true,"href":"https:\/\/magistradoscorrientes.com\/magistrados\/wp-json\/wp\/v2\/categories?post=4638"},{"taxonomy":"post_tag","embeddable":true,"href":"https:\/\/magistradoscorrientes.com\/magistrados\/wp-json\/wp\/v2\/tags?post=4638"}],"curies":[{"name":"wp","href":"https:\/\/api.w.org\/{rel}","templated":true}]}}