{"id":4656,"date":"2017-07-05T21:23:09","date_gmt":"2017-07-06T00:23:09","guid":{"rendered":"http:\/\/magistradoscorrientes.com\/magistrados\/?p=4656"},"modified":"2020-11-17T21:26:16","modified_gmt":"2020-11-18T00:26:16","slug":"se-llevo-a-cabo-el-cuarto-encuentro-del-curso-gestion-liderazgo","status":"publish","type":"post","link":"https:\/\/magistradoscorrientes.com\/magistrados\/se-llevo-a-cabo-el-cuarto-encuentro-del-curso-gestion-liderazgo\/","title":{"rendered":"Se llev\u00f3 a cabo el cuarto encuentro del curso Gesti\u00f3n Liderazgo"},"content":{"rendered":"\n<p>Se llev\u00f3 a cabo el cuarto encuentro del curso Gesti\u00f3n&nbsp; Liderazgo<\/p>\n\n\n\n<p>Contin\u00faa con gran \u00e9xito el curso de Gesti\u00f3n y Liderazgo, organizado por el Colegio de Magistrados de Corrientes y la Federaci\u00f3n Argentina de la Magistratura (FAM), dictado por el Dr. Luis Mar\u00eda Palma.<br>Durante los d\u00edas viernes 30 y s\u00e1bado 1 de julio se desarroll\u00f3 el cuarto encuentro, con asistencia de m\u00e1s de ochenta magistrados y funcionarios del Poder Judicial. En la oportunidad, los presentes se capacitaron sobre modelos de unidades judiciales, nuevos paradigmas y el modelo de administraci\u00f3n de tribunales (el administrador: tareas, idoneidades y relaci\u00f3n con el magistrado). Tambi\u00e9n trabajaron en modalidad de taller, avanzando en la elaboraci\u00f3n de proyectos para optimizar el trabajo en las oficinas judiciales.<br>Las pr\u00f3ximas clases tendr\u00e1n lugar los d\u00edas viernes 11 y s\u00e1bado 12 de agosto. En tanto que el cierre ser\u00e1 los d\u00edas viernes 13 y s\u00e1bado 14 de octubre.<br><br><strong>Conferencia Internacional a cargo del Dr. Palma<\/strong><\/p>\n\n\n\n<p>El d\u00eda lunes 10 de julio desde las 15:30 h. de Argentina (14:30 h. en Washington, DC) el Dr. Luis Mar\u00eda Palma conducir\u00e1 el taller \u00abLiderando y Gestionando cuando el Poder, el Status y el Control colisionan: la historia del presidente del tribunal y el administrador de cortes\u00bb, junto a Maureen Conner, administradora de la corte suprema de justicia de Michigan.<br>A trav\u00e9s del siguiente enlace se podr\u00e1 acceder a informaci\u00f3n respectiva:&nbsp; http:\/\/m8fetiw.attendify.io\/#9HriF5OVirI4xIevhp. Desde all\u00ed podr\u00e1 descargarse la presentaci\u00f3n gr\u00e1fica que se utilizar\u00e1 y los materiales a distribuir a los participantes.<br>Adem\u00e1s, en el siguiente link, se podr\u00e1 acceder a la transmisi\u00f3n de la conferencia http:\/\/nacmconference.org\/schedule\/streaming-video\/<br>Cabe destacar que el evento es organizado en forma conjunta por National Association for Court Management (NACM) y la International Association for Court Administration (IACA), y se desarrollar\u00e1 entre los d\u00edas 9 y 13 de julio en Washington, DC, Estados Unidos de Am\u00e9rica.<\/p>\n","protected":false},"excerpt":{"rendered":"<p>Se llev\u00f3 a cabo el cuarto encuentro del curso Gesti\u00f3n&nbsp; Liderazgo Contin\u00faa con gran \u00e9xito el curso de Gesti\u00f3n y Liderazgo, organizado por el Colegio de Magistrados de Corrientes y la Federaci\u00f3n Argentina de la Magistratura (FAM), dictado por el Dr. Luis Mar\u00eda Palma.Durante los d\u00edas viernes 30 y s\u00e1bado 1 de julio se desarroll\u00f3 el cuarto encuentro, con asistencia [&hellip;]<\/p>\n","protected":false},"author":1,"featured_media":4662,"comment_status":"closed","ping_status":"open","sticky":false,"template":"","format":"standard","meta":{"ngg_post_thumbnail":0},"categories":[13],"tags":[],"_links":{"self":[{"href":"https:\/\/magistradoscorrientes.com\/magistrados\/wp-json\/wp\/v2\/posts\/4656"}],"collection":[{"href":"https:\/\/magistradoscorrientes.com\/magistrados\/wp-json\/wp\/v2\/posts"}],"about":[{"href":"https:\/\/magistradoscorrientes.com\/magistrados\/wp-json\/wp\/v2\/types\/post"}],"author":[{"embeddable":true,"href":"https:\/\/magistradoscorrientes.com\/magistrados\/wp-json\/wp\/v2\/users\/1"}],"replies":[{"embeddable":true,"href":"https:\/\/magistradoscorrientes.com\/magistrados\/wp-json\/wp\/v2\/comments?post=4656"}],"version-history":[{"count":1,"href":"https:\/\/magistradoscorrientes.com\/magistrados\/wp-json\/wp\/v2\/posts\/4656\/revisions"}],"predecessor-version":[{"id":4663,"href":"https:\/\/magistradoscorrientes.com\/magistrados\/wp-json\/wp\/v2\/posts\/4656\/revisions\/4663"}],"wp:featuredmedia":[{"embeddable":true,"href":"https:\/\/magistradoscorrientes.com\/magistrados\/wp-json\/wp\/v2\/media\/4662"}],"wp:attachment":[{"href":"https:\/\/magistradoscorrientes.com\/magistrados\/wp-json\/wp\/v2\/media?parent=4656"}],"wp:term":[{"taxonomy":"category","embeddable":true,"href":"https:\/\/magistradoscorrientes.com\/magistrados\/wp-json\/wp\/v2\/categories?post=4656"},{"taxonomy":"post_tag","embeddable":true,"href":"https:\/\/magistradoscorrientes.com\/magistrados\/wp-json\/wp\/v2\/tags?post=4656"}],"curies":[{"name":"wp","href":"https:\/\/api.w.org\/{rel}","templated":true}]}}