{"id":4661,"date":"2017-04-25T21:23:36","date_gmt":"2017-04-26T00:23:36","guid":{"rendered":"http:\/\/magistradoscorrientes.com\/magistrados\/?p=4661"},"modified":"2020-11-17T21:34:55","modified_gmt":"2020-11-18T00:34:55","slug":"por-el-mes-de-corrientes-el-colegio-ofrecera-un-concierto-e-impulsara-una-campana-solidaria","status":"publish","type":"post","link":"https:\/\/magistradoscorrientes.com\/magistrados\/por-el-mes-de-corrientes-el-colegio-ofrecera-un-concierto-e-impulsara-una-campana-solidaria\/","title":{"rendered":"Por el mes de Corrientes, el Colegio ofrecer\u00e1 un concierto e impulsar\u00e1 una campa\u00f1a solidaria"},"content":{"rendered":"\n<p>El Colegio de Magistrados y Funcionarios del Poder Judicial se suma a las celebraciones por el Mes de Corrientes, con una presentaci\u00f3n de la Orquesta Sinf\u00f3nica de la Provincia. El evento tendr\u00e1 lugar ma\u00f1ana mi\u00e9rcoles a las 20:30 en la sede de calle Buenos Aires 780. La ocasi\u00f3n ser\u00e1 propicia para dar inicio a una campa\u00f1a de recolecci\u00f3n de alimentos no perecederos, ropas y calzados, que ser\u00e1n destinados a los afectados por las recientes inundaciones.<br>Invitada por la Comisi\u00f3n Directiva del Colegio, la Orquesta dirigida por la maestra Andrea Fusco llevar\u00e1 a cabo un nuevo concierto abierto a la comunidad en las instalaciones del Colegio, donde presentar\u00e1 un amplio repertorio. El evento cultural ser\u00e1 de entrada libre y gratuita. No obstante, el Colegio invita a los asistentes a aportar donaciones de alimentos no perecederos, ropas, abrigos y calzados en marco de una nueva edici\u00f3n del programa Colegio Solidario.<br>La campa\u00f1a se realizar\u00e1 -en principio- hasta el d\u00eda viernes 28 con el objetivo de entregar las donaciones en los pr\u00f3ximos d\u00edas a los afectados por las inundaciones en distintos puntos de la provincia. Sin embargo, la iniciativa tendr\u00e1 una segunda etapa la pr\u00f3xima semana, en la que podr\u00e1n acercarse las donaciones a partir del martes 2 de mayo, de 8 a 13 y de 17 a 20 Hs.<br>Cabe destacar que el repertorio de la presentaci\u00f3n orquestal estar\u00e1 compuesto por la \u00d3pera Xerxes HWV 40, Obertura, Allegro, Giga, Recitativo y Aria \u00abOmbra mai fu\u00bb- de Georg Friedrich Haendel, adem\u00e1s del Ave Mar\u00eda de Franz Schubert, ambas obras con la participaci\u00f3n de Griselda Copani como solista. A continuaci\u00f3n\u00a0 de Bela Bartok, Danzas Folkl\u00f3ricas Rumanas, M\u00fasica Sa\u00fal Cosentino y Osvaldo Tarantino. Orquestaci\u00f3n: S. Cosentino. Tambi\u00e9n \u201cEl nuevo tango\u201d\u00a0 con la participaci\u00f3n del solista en Stick, Osvaldo Burgos; de Tr\u00e1nsito Cocomarola, \u201cPuente Pexoa\u201d; de Mariano Mores \u201cTaquito Militar\u201d y de Zaquinha de Abreu, Tico tico no fub\u00e1\u00a0 en un estreno local, con la versi\u00f3n orquestal Mart\u00edn Pedrozo.<\/p>\n","protected":false},"excerpt":{"rendered":"<p>El Colegio de Magistrados y Funcionarios del Poder Judicial se suma a las celebraciones por el Mes de Corrientes, con una presentaci\u00f3n de la Orquesta Sinf\u00f3nica de la Provincia. El evento tendr\u00e1 lugar ma\u00f1ana mi\u00e9rcoles a las 20:30 en la sede de calle Buenos Aires 780. La ocasi\u00f3n ser\u00e1 propicia para dar inicio a una campa\u00f1a de recolecci\u00f3n de alimentos [&hellip;]<\/p>\n","protected":false},"author":1,"featured_media":4670,"comment_status":"closed","ping_status":"open","sticky":false,"template":"","format":"standard","meta":{"ngg_post_thumbnail":0},"categories":[13],"tags":[],"_links":{"self":[{"href":"https:\/\/magistradoscorrientes.com\/magistrados\/wp-json\/wp\/v2\/posts\/4661"}],"collection":[{"href":"https:\/\/magistradoscorrientes.com\/magistrados\/wp-json\/wp\/v2\/posts"}],"about":[{"href":"https:\/\/magistradoscorrientes.com\/magistrados\/wp-json\/wp\/v2\/types\/post"}],"author":[{"embeddable":true,"href":"https:\/\/magistradoscorrientes.com\/magistrados\/wp-json\/wp\/v2\/users\/1"}],"replies":[{"embeddable":true,"href":"https:\/\/magistradoscorrientes.com\/magistrados\/wp-json\/wp\/v2\/comments?post=4661"}],"version-history":[{"count":1,"href":"https:\/\/magistradoscorrientes.com\/magistrados\/wp-json\/wp\/v2\/posts\/4661\/revisions"}],"predecessor-version":[{"id":4671,"href":"https:\/\/magistradoscorrientes.com\/magistrados\/wp-json\/wp\/v2\/posts\/4661\/revisions\/4671"}],"wp:featuredmedia":[{"embeddable":true,"href":"https:\/\/magistradoscorrientes.com\/magistrados\/wp-json\/wp\/v2\/media\/4670"}],"wp:attachment":[{"href":"https:\/\/magistradoscorrientes.com\/magistrados\/wp-json\/wp\/v2\/media?parent=4661"}],"wp:term":[{"taxonomy":"category","embeddable":true,"href":"https:\/\/magistradoscorrientes.com\/magistrados\/wp-json\/wp\/v2\/categories?post=4661"},{"taxonomy":"post_tag","embeddable":true,"href":"https:\/\/magistradoscorrientes.com\/magistrados\/wp-json\/wp\/v2\/tags?post=4661"}],"curies":[{"name":"wp","href":"https:\/\/api.w.org\/{rel}","templated":true}]}}