{"id":4674,"date":"2017-04-20T21:36:09","date_gmt":"2017-04-21T00:36:09","guid":{"rendered":"http:\/\/magistradoscorrientes.com\/magistrados\/?p=4674"},"modified":"2020-11-17T21:37:49","modified_gmt":"2020-11-18T00:37:49","slug":"la-orquesta-sinfonica-dara-un-concierto-en-el-colegio","status":"publish","type":"post","link":"https:\/\/magistradoscorrientes.com\/magistrados\/la-orquesta-sinfonica-dara-un-concierto-en-el-colegio\/","title":{"rendered":"La Orquesta Sinf\u00f3nica dar\u00e1 un concierto en el Colegio"},"content":{"rendered":"\n<p>Con motivo de Celebrar el Mes Aniversario de la Fundaci\u00f3n de Corrientes, el Colegio de Magistrados y Funcionarios del Poder Judicial abrir\u00e1 sus puertas a la comunidad el pr\u00f3ximo mi\u00e9rcoles 26 de abril a las 20:30 Hs. En la oportunidad, se presentar\u00e1 la Orquesta Sinf\u00f3nica de la Provincia en el sal\u00f3n auditorio de la sede de calle Buenos Aires 780.<br>Invitada por la Comisi\u00f3n Directiva, la Orquesta dirigida por la maestra Andrea Fusco llevar\u00e1 a cabo un nuevo concierto en las instalaciones del Colegio, con amplio repertorio. El mismo ser\u00e1 de entrada libre y gratuita.<br>Cabe destacar que, dicha orquesta, dependiente del Instituto de Cultura, es uno de los organismos de arte m\u00e1s distinguidos de la provincia.<\/p>\n","protected":false},"excerpt":{"rendered":"<p>Con motivo de Celebrar el Mes Aniversario de la Fundaci\u00f3n de Corrientes, el Colegio de Magistrados y Funcionarios del Poder Judicial abrir\u00e1 sus puertas a la comunidad el pr\u00f3ximo mi\u00e9rcoles 26 de abril a las 20:30 Hs. En la oportunidad, se presentar\u00e1 la Orquesta Sinf\u00f3nica de la Provincia en el sal\u00f3n auditorio de la sede de calle Buenos Aires 780.Invitada [&hellip;]<\/p>\n","protected":false},"author":1,"featured_media":4683,"comment_status":"closed","ping_status":"open","sticky":false,"template":"","format":"standard","meta":{"ngg_post_thumbnail":0},"categories":[13],"tags":[],"_links":{"self":[{"href":"https:\/\/magistradoscorrientes.com\/magistrados\/wp-json\/wp\/v2\/posts\/4674"}],"collection":[{"href":"https:\/\/magistradoscorrientes.com\/magistrados\/wp-json\/wp\/v2\/posts"}],"about":[{"href":"https:\/\/magistradoscorrientes.com\/magistrados\/wp-json\/wp\/v2\/types\/post"}],"author":[{"embeddable":true,"href":"https:\/\/magistradoscorrientes.com\/magistrados\/wp-json\/wp\/v2\/users\/1"}],"replies":[{"embeddable":true,"href":"https:\/\/magistradoscorrientes.com\/magistrados\/wp-json\/wp\/v2\/comments?post=4674"}],"version-history":[{"count":1,"href":"https:\/\/magistradoscorrientes.com\/magistrados\/wp-json\/wp\/v2\/posts\/4674\/revisions"}],"predecessor-version":[{"id":4684,"href":"https:\/\/magistradoscorrientes.com\/magistrados\/wp-json\/wp\/v2\/posts\/4674\/revisions\/4684"}],"wp:featuredmedia":[{"embeddable":true,"href":"https:\/\/magistradoscorrientes.com\/magistrados\/wp-json\/wp\/v2\/media\/4683"}],"wp:attachment":[{"href":"https:\/\/magistradoscorrientes.com\/magistrados\/wp-json\/wp\/v2\/media?parent=4674"}],"wp:term":[{"taxonomy":"category","embeddable":true,"href":"https:\/\/magistradoscorrientes.com\/magistrados\/wp-json\/wp\/v2\/categories?post=4674"},{"taxonomy":"post_tag","embeddable":true,"href":"https:\/\/magistradoscorrientes.com\/magistrados\/wp-json\/wp\/v2\/tags?post=4674"}],"curies":[{"name":"wp","href":"https:\/\/api.w.org\/{rel}","templated":true}]}}