{"id":4675,"date":"2017-04-18T21:36:11","date_gmt":"2017-04-19T00:36:11","guid":{"rendered":"http:\/\/magistradoscorrientes.com\/magistrados\/?p=4675"},"modified":"2020-11-17T21:38:46","modified_gmt":"2020-11-18T00:38:46","slug":"el-papa-francisco-envio-una-bendicion-para-los-jueces-provinciales-de-argentina","status":"publish","type":"post","link":"https:\/\/magistradoscorrientes.com\/magistrados\/el-papa-francisco-envio-una-bendicion-para-los-jueces-provinciales-de-argentina\/","title":{"rendered":"El papa Francisco envi\u00f3 una bendici\u00f3n para los jueces provinciales de Argentina"},"content":{"rendered":"\n<p>El presidente de FAM, V\u00edctor V\u00e9lez, mantuvo una audiencia privada como el Sumo Pont\u00edfice, en la que transmiti\u00f3 el mensaje a todos los asociados. La visita al Vaticano se dio en el marco del viaje institucional a Italia, de la cual participaron la presidente del Colegio de Magistrados de Corrientes, Dra. Luz Gabriela Masferrer, y la Dra. Anal\u00eda Durand de Cassis, Directora del Centro de Estudios Judiciales de la FAM.\u00a0<br>El pasado mi\u00e9rcoles 29 de marzo la comitiva de FAM, en el marco de la visita institucional a Italia, particip\u00f3 de la audiencia p\u00fablica en el Vaticano, en la que el papa Francisco recorre la plaza San Pedro saludando a los miles de fieles que llegan de todo el mundo. Fue un momento inolvidable para muchos de los que participaron del contingente.<br>Por su parte, el presidente de la instituci\u00f3n, V\u00edctor V\u00e9lez, tuvo una audiencia privada con el Sumo Pont\u00edfice, en la que el papa Francisco transmiti\u00f3 una bendici\u00f3n para todos los jueces provinciales de Argentina.<\/p>\n","protected":false},"excerpt":{"rendered":"<p>El presidente de FAM, V\u00edctor V\u00e9lez, mantuvo una audiencia privada como el Sumo Pont\u00edfice, en la que transmiti\u00f3 el mensaje a todos los asociados. La visita al Vaticano se dio en el marco del viaje institucional a Italia, de la cual participaron la presidente del Colegio de Magistrados de Corrientes, Dra. Luz Gabriela Masferrer, y la Dra. Anal\u00eda Durand de [&hellip;]<\/p>\n","protected":false},"author":1,"featured_media":4685,"comment_status":"closed","ping_status":"open","sticky":false,"template":"","format":"standard","meta":{"ngg_post_thumbnail":0},"categories":[13],"tags":[],"_links":{"self":[{"href":"https:\/\/magistradoscorrientes.com\/magistrados\/wp-json\/wp\/v2\/posts\/4675"}],"collection":[{"href":"https:\/\/magistradoscorrientes.com\/magistrados\/wp-json\/wp\/v2\/posts"}],"about":[{"href":"https:\/\/magistradoscorrientes.com\/magistrados\/wp-json\/wp\/v2\/types\/post"}],"author":[{"embeddable":true,"href":"https:\/\/magistradoscorrientes.com\/magistrados\/wp-json\/wp\/v2\/users\/1"}],"replies":[{"embeddable":true,"href":"https:\/\/magistradoscorrientes.com\/magistrados\/wp-json\/wp\/v2\/comments?post=4675"}],"version-history":[{"count":1,"href":"https:\/\/magistradoscorrientes.com\/magistrados\/wp-json\/wp\/v2\/posts\/4675\/revisions"}],"predecessor-version":[{"id":4686,"href":"https:\/\/magistradoscorrientes.com\/magistrados\/wp-json\/wp\/v2\/posts\/4675\/revisions\/4686"}],"wp:featuredmedia":[{"embeddable":true,"href":"https:\/\/magistradoscorrientes.com\/magistrados\/wp-json\/wp\/v2\/media\/4685"}],"wp:attachment":[{"href":"https:\/\/magistradoscorrientes.com\/magistrados\/wp-json\/wp\/v2\/media?parent=4675"}],"wp:term":[{"taxonomy":"category","embeddable":true,"href":"https:\/\/magistradoscorrientes.com\/magistrados\/wp-json\/wp\/v2\/categories?post=4675"},{"taxonomy":"post_tag","embeddable":true,"href":"https:\/\/magistradoscorrientes.com\/magistrados\/wp-json\/wp\/v2\/tags?post=4675"}],"curies":[{"name":"wp","href":"https:\/\/api.w.org\/{rel}","templated":true}]}}