{"id":4676,"date":"2017-04-17T21:36:17","date_gmt":"2017-04-18T00:36:17","guid":{"rendered":"http:\/\/magistradoscorrientes.com\/magistrados\/?p=4676"},"modified":"2020-11-17T21:39:58","modified_gmt":"2020-11-18T00:39:58","slug":"este-viernes-inicio-del-curso-gestion-y-liderazgo","status":"publish","type":"post","link":"https:\/\/magistradoscorrientes.com\/magistrados\/este-viernes-inicio-del-curso-gestion-y-liderazgo\/","title":{"rendered":"ESTE VIERNES: Inicio del Curso \u00abGesti\u00f3n y Liderazgo\u00bb"},"content":{"rendered":"\n<p>El pr\u00f3ximo viernes 21 de abril dar\u00e1 comienzo en el Colegio el Curso \u00abGesti\u00f3n y Liderazgo\u00bb que dictar\u00e1 el Dr. Luis Maria Palma en Corrientes. Este es el primer curso que la Federaci\u00f3n Argentina de la Magistratura y de la Funci\u00f3n judicial pone en marcha en el pa\u00eds apoyando a la capacitaci\u00f3n de los federados, ante el proyecto presentado por Corrientes para ser gestionado dentro del convenio marco suscripto con el Ministerio de Justicia y Derechos Humanos de la Naci\u00f3n.<br>El curso es de 60 hs. con modalidad presencial y se desarrollar\u00e1 en seis clases dobles mensuales, a dictarse los d\u00edas viernes y s\u00e1bado (21 y 22\/4, 19 y 20\/5, 16 y 17\/6 y otras fechas a confirmar).<br>La aprobaci\u00f3n de la evaluaci\u00f3n final y el 80% de asistencia a las clases presenciales, son requisitos para acceder a la certificaci\u00f3n del Curso.<br>Los contenidos y actividades a desarrollar ser\u00e1n de suma utilidad para los asistentes y esperamos poder dar inicio a las clases el d\u00eda 21\/4, con puntualidad, a las 16 hs.<br>Dado que la notable demanda de cursantes ha impedido colmar las expectativas de todos los interesados y que la lista de anotados condicionalmente es numerosa, se solicita a los inscriptos que tengan intenci\u00f3n de desistir avisen al Colegio a la mayor brevedad a fin de poder incorporar a quienes est\u00e1n en lista de espera.<\/p>\n","protected":false},"excerpt":{"rendered":"<p>El pr\u00f3ximo viernes 21 de abril dar\u00e1 comienzo en el Colegio el Curso \u00abGesti\u00f3n y Liderazgo\u00bb que dictar\u00e1 el Dr. Luis Maria Palma en Corrientes. Este es el primer curso que la Federaci\u00f3n Argentina de la Magistratura y de la Funci\u00f3n judicial pone en marcha en el pa\u00eds apoyando a la capacitaci\u00f3n de los federados, ante el proyecto presentado por [&hellip;]<\/p>\n","protected":false},"author":1,"featured_media":4687,"comment_status":"closed","ping_status":"open","sticky":false,"template":"","format":"standard","meta":{"ngg_post_thumbnail":0},"categories":[13],"tags":[],"_links":{"self":[{"href":"https:\/\/magistradoscorrientes.com\/magistrados\/wp-json\/wp\/v2\/posts\/4676"}],"collection":[{"href":"https:\/\/magistradoscorrientes.com\/magistrados\/wp-json\/wp\/v2\/posts"}],"about":[{"href":"https:\/\/magistradoscorrientes.com\/magistrados\/wp-json\/wp\/v2\/types\/post"}],"author":[{"embeddable":true,"href":"https:\/\/magistradoscorrientes.com\/magistrados\/wp-json\/wp\/v2\/users\/1"}],"replies":[{"embeddable":true,"href":"https:\/\/magistradoscorrientes.com\/magistrados\/wp-json\/wp\/v2\/comments?post=4676"}],"version-history":[{"count":1,"href":"https:\/\/magistradoscorrientes.com\/magistrados\/wp-json\/wp\/v2\/posts\/4676\/revisions"}],"predecessor-version":[{"id":4688,"href":"https:\/\/magistradoscorrientes.com\/magistrados\/wp-json\/wp\/v2\/posts\/4676\/revisions\/4688"}],"wp:featuredmedia":[{"embeddable":true,"href":"https:\/\/magistradoscorrientes.com\/magistrados\/wp-json\/wp\/v2\/media\/4687"}],"wp:attachment":[{"href":"https:\/\/magistradoscorrientes.com\/magistrados\/wp-json\/wp\/v2\/media?parent=4676"}],"wp:term":[{"taxonomy":"category","embeddable":true,"href":"https:\/\/magistradoscorrientes.com\/magistrados\/wp-json\/wp\/v2\/categories?post=4676"},{"taxonomy":"post_tag","embeddable":true,"href":"https:\/\/magistradoscorrientes.com\/magistrados\/wp-json\/wp\/v2\/tags?post=4676"}],"curies":[{"name":"wp","href":"https:\/\/api.w.org\/{rel}","templated":true}]}}