{"id":4678,"date":"2017-04-17T21:36:28","date_gmt":"2017-04-18T00:36:28","guid":{"rendered":"http:\/\/magistradoscorrientes.com\/magistrados\/?p=4678"},"modified":"2020-11-17T21:43:23","modified_gmt":"2020-11-18T00:43:23","slug":"balance-reunion-de-comision-directiva-abril-2017","status":"publish","type":"post","link":"https:\/\/magistradoscorrientes.com\/magistrados\/balance-reunion-de-comision-directiva-abril-2017\/","title":{"rendered":"Balance Reuni\u00f3n de Comisi\u00f3n Directiva \u2013 Abril 2017"},"content":{"rendered":"\n<p>En la localidad de Ca\u00e1 Cat\u00ed, se realiz\u00f3 el pasado s\u00e1bado la reuni\u00f3n de Comisi\u00f3n Directiva correspondiente al mes de abril. El encuentro tuvo lugar en el recinto del Concejo Deliberante de dicha localidad. Paralelamente, en el sal\u00f3n de usos m\u00faltiples del Municipio, realiz\u00f3 una jornada de capacitaci\u00f3n para facilitadores judiciales, jueces y secretarios de la justicia de paz y otros actores sociales de la comunidad.<br>Al inicio del encuentro, la presidente, Dra. Luz Gabriela Masferrer realiz\u00f3 el informe de presidencia donde coment\u00f3 acerca de las notas presentadas al Superior Tribunal de Justicia solicitando declaraci\u00f3n de inter\u00e9s de las Jornada sobre \u201cUni\u00f3n Convivencial en el nuevo C\u00f3digo Civil y Comercial\u201d realizada en ocasi\u00f3n del d\u00eda de la mujer durante el mes de marzo y del Curso \u201cGesti\u00f3n y Liderazgo\u201d, a llevarse a cabo en el mes de abril en el Colegio; como as\u00ed tambi\u00e9n a la presentada a la Diputada Vischi, remitiendo las observaciones realizadas por los asociados al proyecto del C\u00f3digo Procesal de Familia.<br>La presidente, coment\u00f3 adem\u00e1s acerca de las notificaciones y actas del Tribunal Electoral del Colegio para proclamar representantes por la judicatura ante el Consejo de la Magistratura y Jury de Enjuiciamiento, destacando el consenso logrado para la proclamaci\u00f3n de autoridades.<br>Por otra parte, hizo una rese\u00f1a sobre las reuniones concretadas entre miembros de Comisi\u00f3n Directiva con jueces de instrucci\u00f3n de Capital, y los Dres. Aromi de Sommer y Pablo Sosa, sobre el tema modificaci\u00f3n de competencia en la justicia penal, ofreciendo el Colegio como \u00e1mbito y espacio de debate para propuestas que mejoren el servicio de justicia.<br>En otro orden, la presidente coment\u00f3 acerca de los ofrecimientos de becas recibidos a trav\u00e9s de FAM, para cursar tanto la Maestr\u00eda en Magistratura y Derecho Judicial en la Universidad Austral, como para el programa de Delitos Inform\u00e1ticos, de la Fundaci\u00f3n Unidos por la Justicia. Se destac\u00f3 que la primera de ellas fue otorgada a la Dra. Evelyn Pi\u00f1eiro, mientras que para el segundo programa se record\u00f3 que el plazo de presentaci\u00f3n vence el pr\u00f3ximo 19 de abril. Siguiendo con las actividades patrocinadas por la FAM, se inform\u00f3 sobre la publicidad que se dio a la Diplomatura en Derecho Penal y Procesal Penal y a la maestr\u00eda en Argumentaci\u00f3n jur\u00eddica, ambas de la Universidad de San Isidro.<br>Entre otras jornadas se coment\u00f3 que la Dra. Altabe invita a asociados del Colegio a participar del \u00abXXIII Encuentro de Profesores de Derecho Constitucional\u00bb que se realizar\u00e1 en Resistencia-Chaco, los d\u00edas 3 y 4 de agosto, solicitando auspicio y la declaraci\u00f3n de inter\u00e9s, aprob\u00e1ndose por unanimidad, al igual que la declaraci\u00f3n dada al \u00abII Encuentro Binacional de Facilitadores Judiciales\u00bb a realizarse en Corrientes los d\u00edas 2 y 3 de junio.<br>A continuaci\u00f3n, se hizo referencia a los comunicados emitidos en apoyo a las Dras. Mar\u00eda Mercedes Sosa y Mar\u00eda Eugenia Herrero, los cuales fueron difundidos entre asociados y medios de comunicaci\u00f3n, actuaci\u00f3n que fue aprobada previa lectura del segundo.<br>En el punto 2, la presidente dio informe de lo realizado en la Junta de Gobierno de FAM llevada a cabo el 17 y 18 de marzo donde entre otras cuestiones, el Colegio present\u00f3 un informe sobre lo trabajado en el Proyecto de Capacitaci\u00f3n sobre Gesti\u00f3n y Liderazgo que se realizar\u00e1 en el Colegio a cargo del Dr. Luis Mar\u00eda Palma, el cual ser\u00e1 el primero impulsado desde FAM. En la oportunidad, tambi\u00e9n se comunic\u00f3 que la reuni\u00f3n de la Comisi\u00f3n Nacional de Secretarios se realizar\u00e1 en Salta los d\u00edas 4 y 5 de mayo, y las Jornadas Cient\u00edficas de la Magistratura ser\u00e1n los d\u00edas 26 y 27 de octubre, en esa misma ciudad, instando a acompa\u00f1ar a la Asociaci\u00f3n de Salta en esta gesta con importante presencia\u00a0 de correntinos.<br>Por otra parte, la Dra. Masferrer hizo una breve rese\u00f1a del viaje institucional de FAM al cual asisti\u00f3 en representaci\u00f3n del Colegio, junto a la Dra. Anal\u00eda Durand de Cassis, quien fue en car\u00e1cter de Directora del Instituto de Investigaciones Judiciales de FAM.<br>Luego, la Dra. Anal\u00eda Durand de Cassis, responsable de ejecutar el Proyecto de C\u00f3digo de \u00c9tica de FAM, coment\u00f3 que el lanzamiento del mismo se har\u00e1 desde Corrientes y dio detalles, entre los cuales propuso nombrar asociados para integrar un grupo de trabajo y as\u00ed formar capacitadores para Corrientes, lo cual se replicar\u00e1 en otras provincias.<br>Ente los temas del interior, la Dra. Catalina Silva plante\u00f3 la necesidad de contar con refuerzo de personal y secretario para el Juzgado Civil y Comercial de Esquina en raz\u00f3n de la competencia Laboral asignada al mismo. Adem\u00e1s, se plante\u00f3 la falta de operatividad del convenio del Colegio con Red Farmar en Esquina y en Ituzaing\u00f3, y la falta de funcionamiento de la obra social IOSCOR en el interior, entre otras cuestiones. La Dra. Elsa L\u00f3pez solicita una nueva intervenci\u00f3n del Colegio, para pedir la separaci\u00f3n entre la Defensor\u00eda y la Asesor\u00eda en Monte Caseros, ya que no se convoc\u00f3 a concurso para completar terna, y tambi\u00e9n mencion\u00f3 que en la localidad de Monte Caseros que no se cuenta con M\u00e9dico Psiquiatra forense. En la oportunidad, el Dr. Aquino solicit\u00f3 una reuni\u00f3n con la justicia correccional, fiscal correccional y las juezas de familia para una fecha pr\u00f3xima para coordinar acciones en materias comunes.<br>Sobre el final del encuentro, en el punto 4, se procedi\u00f3 a designar representantes a la Comisi\u00f3n Nacional de Secretarios de FAM, quedando como titulares a las Dras. Mar\u00eda Jos\u00e9 Barrero y Liliana Pasetto, y como suplentes los Dres. Jorge Carbone y la Dra. Catalina Silva.<br>Al concluir la reuni\u00f3n, miembros de Comisi\u00f3n compartieron un almuerzo de camarader\u00eda con los disertantes y organizadores de la jornada de capacitaci\u00f3n (ver correo aparte).<\/p>\n","protected":false},"excerpt":{"rendered":"<p>En la localidad de Ca\u00e1 Cat\u00ed, se realiz\u00f3 el pasado s\u00e1bado la reuni\u00f3n de Comisi\u00f3n Directiva correspondiente al mes de abril. El encuentro tuvo lugar en el recinto del Concejo Deliberante de dicha localidad. Paralelamente, en el sal\u00f3n de usos m\u00faltiples del Municipio, realiz\u00f3 una jornada de capacitaci\u00f3n para facilitadores judiciales, jueces y secretarios de la justicia de paz y [&hellip;]<\/p>\n","protected":false},"author":1,"featured_media":4691,"comment_status":"closed","ping_status":"open","sticky":false,"template":"","format":"standard","meta":{"ngg_post_thumbnail":0},"categories":[13],"tags":[],"_links":{"self":[{"href":"https:\/\/magistradoscorrientes.com\/magistrados\/wp-json\/wp\/v2\/posts\/4678"}],"collection":[{"href":"https:\/\/magistradoscorrientes.com\/magistrados\/wp-json\/wp\/v2\/posts"}],"about":[{"href":"https:\/\/magistradoscorrientes.com\/magistrados\/wp-json\/wp\/v2\/types\/post"}],"author":[{"embeddable":true,"href":"https:\/\/magistradoscorrientes.com\/magistrados\/wp-json\/wp\/v2\/users\/1"}],"replies":[{"embeddable":true,"href":"https:\/\/magistradoscorrientes.com\/magistrados\/wp-json\/wp\/v2\/comments?post=4678"}],"version-history":[{"count":1,"href":"https:\/\/magistradoscorrientes.com\/magistrados\/wp-json\/wp\/v2\/posts\/4678\/revisions"}],"predecessor-version":[{"id":4692,"href":"https:\/\/magistradoscorrientes.com\/magistrados\/wp-json\/wp\/v2\/posts\/4678\/revisions\/4692"}],"wp:featuredmedia":[{"embeddable":true,"href":"https:\/\/magistradoscorrientes.com\/magistrados\/wp-json\/wp\/v2\/media\/4691"}],"wp:attachment":[{"href":"https:\/\/magistradoscorrientes.com\/magistrados\/wp-json\/wp\/v2\/media?parent=4678"}],"wp:term":[{"taxonomy":"category","embeddable":true,"href":"https:\/\/magistradoscorrientes.com\/magistrados\/wp-json\/wp\/v2\/categories?post=4678"},{"taxonomy":"post_tag","embeddable":true,"href":"https:\/\/magistradoscorrientes.com\/magistrados\/wp-json\/wp\/v2\/tags?post=4678"}],"curies":[{"name":"wp","href":"https:\/\/api.w.org\/{rel}","templated":true}]}}