{"id":4680,"date":"2017-04-05T21:36:45","date_gmt":"2017-04-06T00:36:45","guid":{"rendered":"http:\/\/magistradoscorrientes.com\/magistrados\/?p=4680"},"modified":"2020-11-17T21:48:25","modified_gmt":"2020-11-18T00:48:25","slug":"jornada-debate-sobre-ley-penal-juvenil","status":"publish","type":"post","link":"https:\/\/magistradoscorrientes.com\/magistrados\/jornada-debate-sobre-ley-penal-juvenil\/","title":{"rendered":"Jornada debate sobre \u201cLey Penal Juvenil\u201d"},"content":{"rendered":"\n<p>El Colegio P\u00fablico de Abogados de Corrientes realizar\u00e1 el pr\u00f3ximo 21 de abril una jornada debate sobre \u201cLey Penal Juvenil\u201d que tendr\u00e1 lugar en la sede de calle Tucum\u00e1n 570, a partir de las 17 Hs.<br>En el encuentro disertar\u00e1n el Dr. Gonzalo de Llano Macri, Secretario del Juzgado de Menores de Posadas provincia de Misiones y coordinador del \u00e1rea de Ni\u00f1ez de la Asociaci\u00f3n de Pensamiento Penal, el Dr. Alejandro Cha\u00edn, Ministro del Superior Tribunal de Justicia de Corrientes, y la Dra. Pierina Ram\u00edrez, Juez de Menores N\u00b03 de Corrientes Capital.<br>Tras la exposici\u00f3n de los profesionales, asociaciones y ONG del medio tendr\u00e1n espacio para realizar sus aportes e intervenciones.<\/p>\n","protected":false},"excerpt":{"rendered":"<p>El Colegio P\u00fablico de Abogados de Corrientes realizar\u00e1 el pr\u00f3ximo 21 de abril una jornada debate sobre \u201cLey Penal Juvenil\u201d que tendr\u00e1 lugar en la sede de calle Tucum\u00e1n 570, a partir de las 17 Hs.En el encuentro disertar\u00e1n el Dr. Gonzalo de Llano Macri, Secretario del Juzgado de Menores de Posadas provincia de Misiones y coordinador del \u00e1rea de [&hellip;]<\/p>\n","protected":false},"author":1,"featured_media":4697,"comment_status":"closed","ping_status":"open","sticky":false,"template":"","format":"standard","meta":{"ngg_post_thumbnail":0},"categories":[13],"tags":[],"_links":{"self":[{"href":"https:\/\/magistradoscorrientes.com\/magistrados\/wp-json\/wp\/v2\/posts\/4680"}],"collection":[{"href":"https:\/\/magistradoscorrientes.com\/magistrados\/wp-json\/wp\/v2\/posts"}],"about":[{"href":"https:\/\/magistradoscorrientes.com\/magistrados\/wp-json\/wp\/v2\/types\/post"}],"author":[{"embeddable":true,"href":"https:\/\/magistradoscorrientes.com\/magistrados\/wp-json\/wp\/v2\/users\/1"}],"replies":[{"embeddable":true,"href":"https:\/\/magistradoscorrientes.com\/magistrados\/wp-json\/wp\/v2\/comments?post=4680"}],"version-history":[{"count":1,"href":"https:\/\/magistradoscorrientes.com\/magistrados\/wp-json\/wp\/v2\/posts\/4680\/revisions"}],"predecessor-version":[{"id":4698,"href":"https:\/\/magistradoscorrientes.com\/magistrados\/wp-json\/wp\/v2\/posts\/4680\/revisions\/4698"}],"wp:featuredmedia":[{"embeddable":true,"href":"https:\/\/magistradoscorrientes.com\/magistrados\/wp-json\/wp\/v2\/media\/4697"}],"wp:attachment":[{"href":"https:\/\/magistradoscorrientes.com\/magistrados\/wp-json\/wp\/v2\/media?parent=4680"}],"wp:term":[{"taxonomy":"category","embeddable":true,"href":"https:\/\/magistradoscorrientes.com\/magistrados\/wp-json\/wp\/v2\/categories?post=4680"},{"taxonomy":"post_tag","embeddable":true,"href":"https:\/\/magistradoscorrientes.com\/magistrados\/wp-json\/wp\/v2\/tags?post=4680"}],"curies":[{"name":"wp","href":"https:\/\/api.w.org\/{rel}","templated":true}]}}