{"id":4699,"date":"2017-04-04T21:48:30","date_gmt":"2017-04-05T00:48:30","guid":{"rendered":"http:\/\/magistradoscorrientes.com\/magistrados\/?p=4699"},"modified":"2020-11-17T21:49:46","modified_gmt":"2020-11-18T00:49:46","slug":"sabado-8-reunion-de-comision-directiva-y-capacitacion-en-el-interior","status":"publish","type":"post","link":"https:\/\/magistradoscorrientes.com\/magistrados\/sabado-8-reunion-de-comision-directiva-y-capacitacion-en-el-interior\/","title":{"rendered":"S\u00e1bado 8: Reuni\u00f3n de Comisi\u00f3n Directiva y Capacitaci\u00f3n en el interior"},"content":{"rendered":"\n<p>El pr\u00f3ximo d\u00eda s\u00e1bado 8 de abril se realizar\u00e1 la reuni\u00f3n mensual de Comisi\u00f3n Directiva en la ciudad de Ca\u00e1 Cat\u00ed. En la misma oportunidad, continuando con la pol\u00edtica de apertura del Colegio a la comunidad, se brindar\u00e1 una Capacitaci\u00f3n abierta y gratuita en la que se abordar\u00e1n los siguientes temas: Acceso a la Justicia, Violencia y Abuso Sexual, organizada por esta instituci\u00f3n.<br>La charla, que se realizar\u00e1 en el Sal\u00f3n de Usos M\u00faltiples de la Municipalidad de Caa Cat\u00ed, iniciar\u00e1 a las 9, 30 Hs. y estar\u00e1 destinada a magistrados y personal de los Juzgados de Paz, facilitadores judiciales, autoridades y personal municipal y policial, autoridades y alumnos de establecimientos escolares del Departamento de General Paz, y p\u00fablico en general.<br>La presentaci\u00f3n del encuentro estar\u00e1 a cargo de la Dra. Luz Gabriela Masferrer, y los disertantes de la jornada ser\u00e1n: Dr. Buenaventura Duarte, Fiscal de Instrucci\u00f3n N\u00b0 1, quien expondr\u00e1 sobre el Acceso a la Justicia; Dr. Diego Jean Pedroso y la Lic. Carolina Leiva, psic\u00f3loga del Juzgado de Ituzaing\u00f3 que hablar\u00e1n de Violencia; y cerrar\u00e1 el encuentro a las 10:30 Hs. aproximadamente la Dra. Mirtha Ram\u00edrez Barrios -Asesora de Menores e Incapaces N\u00b01 de la ciudad de Corrientes- que disertar\u00e1 sobre la problem\u00e1tica del Abuso Sexual.<br>El evento ser\u00e1 de entrada libre y gratuita y no requerir\u00e1 inscripci\u00f3n previa.<\/p>\n","protected":false},"excerpt":{"rendered":"<p>El pr\u00f3ximo d\u00eda s\u00e1bado 8 de abril se realizar\u00e1 la reuni\u00f3n mensual de Comisi\u00f3n Directiva en la ciudad de Ca\u00e1 Cat\u00ed. En la misma oportunidad, continuando con la pol\u00edtica de apertura del Colegio a la comunidad, se brindar\u00e1 una Capacitaci\u00f3n abierta y gratuita en la que se abordar\u00e1n los siguientes temas: Acceso a la Justicia, Violencia y Abuso Sexual, organizada [&hellip;]<\/p>\n","protected":false},"author":1,"featured_media":4705,"comment_status":"closed","ping_status":"open","sticky":false,"template":"","format":"standard","meta":{"ngg_post_thumbnail":0},"categories":[13],"tags":[],"_links":{"self":[{"href":"https:\/\/magistradoscorrientes.com\/magistrados\/wp-json\/wp\/v2\/posts\/4699"}],"collection":[{"href":"https:\/\/magistradoscorrientes.com\/magistrados\/wp-json\/wp\/v2\/posts"}],"about":[{"href":"https:\/\/magistradoscorrientes.com\/magistrados\/wp-json\/wp\/v2\/types\/post"}],"author":[{"embeddable":true,"href":"https:\/\/magistradoscorrientes.com\/magistrados\/wp-json\/wp\/v2\/users\/1"}],"replies":[{"embeddable":true,"href":"https:\/\/magistradoscorrientes.com\/magistrados\/wp-json\/wp\/v2\/comments?post=4699"}],"version-history":[{"count":1,"href":"https:\/\/magistradoscorrientes.com\/magistrados\/wp-json\/wp\/v2\/posts\/4699\/revisions"}],"predecessor-version":[{"id":4706,"href":"https:\/\/magistradoscorrientes.com\/magistrados\/wp-json\/wp\/v2\/posts\/4699\/revisions\/4706"}],"wp:featuredmedia":[{"embeddable":true,"href":"https:\/\/magistradoscorrientes.com\/magistrados\/wp-json\/wp\/v2\/media\/4705"}],"wp:attachment":[{"href":"https:\/\/magistradoscorrientes.com\/magistrados\/wp-json\/wp\/v2\/media?parent=4699"}],"wp:term":[{"taxonomy":"category","embeddable":true,"href":"https:\/\/magistradoscorrientes.com\/magistrados\/wp-json\/wp\/v2\/categories?post=4699"},{"taxonomy":"post_tag","embeddable":true,"href":"https:\/\/magistradoscorrientes.com\/magistrados\/wp-json\/wp\/v2\/tags?post=4699"}],"curies":[{"name":"wp","href":"https:\/\/api.w.org\/{rel}","templated":true}]}}