{"id":4701,"date":"2017-03-22T21:48:43","date_gmt":"2017-03-23T00:48:43","guid":{"rendered":"http:\/\/magistradoscorrientes.com\/magistrados\/?p=4701"},"modified":"2020-11-17T21:52:01","modified_gmt":"2020-11-18T00:52:01","slug":"la-union-convivencial-en-el-nuevo-codigo-fue-eje-de-una-jornada-de-capacitacion","status":"publish","type":"post","link":"https:\/\/magistradoscorrientes.com\/magistrados\/la-union-convivencial-en-el-nuevo-codigo-fue-eje-de-una-jornada-de-capacitacion\/","title":{"rendered":"La Uni\u00f3n Convivencial en el Nuevo C\u00f3digo, fue eje de una jornada de capacitaci\u00f3n"},"content":{"rendered":"\n<p>Se desarroll\u00f3 en el Colegio el pasado viernes una Jornada sobre la Uni\u00f3n Convivencial en el Nuevo C\u00f3digo Civil, organizada por Co\u00e9 Ti, que cont\u00f3 la disertaci\u00f3n de las Dras. Karina Claudia Feldmann, Jueza de Familia de la Provincia del Chaco, y\u00a0 Claudia Kirchhof, Juez de C\u00e1mara Civil, de la Sala 3.\u00a0<br>La apertura de la actividad estuvo a cargo del vicepresidente primero del colegio, Dr. Nicol\u00e1s Bonastre, quien hizo una presentaci\u00f3n al evento, destacando el trabajo de Coe Ti en su labor diaria por la defensa de los derechos de la mujer y la familia. Luego, la Dra. Elba B de Tolcachier realiz\u00f3 un homenaje a la mujer, relatando la historia del 8 de marzo y rememor\u00f3 otras luchas y victorias obtenidas por el g\u00e9nero.<br>Posteriormente, la Presidenta de la Comisi\u00f3n Directiva de Coe Ti, Nieves de los \u00c1ngeles Cuenca, coment\u00f3 acerca de la conformaci\u00f3n del equipo de trabajo de la asociaci\u00f3n, como as\u00ed tambi\u00e9n del funcionamiento de la misma, los procedimientos desarrollados, y las actividades emprendidas, tanto dentro y fuera del consultorio. Por otra parte, adelant\u00f3 los proyectos que Co\u00e9 Ti impulsar\u00e1 este a\u00f1o como la creaci\u00f3n del Juzgado de Violencia Familiar, refugios para v\u00edctimas de violencia en la provincia, entre otros.<br>A continuaci\u00f3n, la Dra. Karina Feldman brind\u00f3 una completa disertaci\u00f3n sobre las uniones convivenciales en el nuevo C\u00f3digo, respecto de los aspectos regulados y no regulados.\u00a0 Por su parte, la Dra. Kirchhof hizo una exposici\u00f3n en la materia y present\u00f3 consignas al auditorio, las cuales fueron trabajadas a modo de taller en un ameno intercambio que se dio con el p\u00fablico.<br>A lo largo de las exposiciones, ambas especialistas respondieron a las preguntas de los presentes respecto de dudas y posiciones que hoy plantea la doctrina.<br>Asistieron a la jornada, funcionarios y empleados judiciales, profesionales de la abogac\u00eda, representantes de la justicia de paz.<\/p>\n","protected":false},"excerpt":{"rendered":"<p>Se desarroll\u00f3 en el Colegio el pasado viernes una Jornada sobre la Uni\u00f3n Convivencial en el Nuevo C\u00f3digo Civil, organizada por Co\u00e9 Ti, que cont\u00f3 la disertaci\u00f3n de las Dras. Karina Claudia Feldmann, Jueza de Familia de la Provincia del Chaco, y\u00a0 Claudia Kirchhof, Juez de C\u00e1mara Civil, de la Sala 3.\u00a0La apertura de la actividad estuvo a cargo del [&hellip;]<\/p>\n","protected":false},"author":1,"featured_media":4709,"comment_status":"closed","ping_status":"open","sticky":false,"template":"","format":"standard","meta":{"ngg_post_thumbnail":0},"categories":[13],"tags":[],"_links":{"self":[{"href":"https:\/\/magistradoscorrientes.com\/magistrados\/wp-json\/wp\/v2\/posts\/4701"}],"collection":[{"href":"https:\/\/magistradoscorrientes.com\/magistrados\/wp-json\/wp\/v2\/posts"}],"about":[{"href":"https:\/\/magistradoscorrientes.com\/magistrados\/wp-json\/wp\/v2\/types\/post"}],"author":[{"embeddable":true,"href":"https:\/\/magistradoscorrientes.com\/magistrados\/wp-json\/wp\/v2\/users\/1"}],"replies":[{"embeddable":true,"href":"https:\/\/magistradoscorrientes.com\/magistrados\/wp-json\/wp\/v2\/comments?post=4701"}],"version-history":[{"count":1,"href":"https:\/\/magistradoscorrientes.com\/magistrados\/wp-json\/wp\/v2\/posts\/4701\/revisions"}],"predecessor-version":[{"id":4710,"href":"https:\/\/magistradoscorrientes.com\/magistrados\/wp-json\/wp\/v2\/posts\/4701\/revisions\/4710"}],"wp:featuredmedia":[{"embeddable":true,"href":"https:\/\/magistradoscorrientes.com\/magistrados\/wp-json\/wp\/v2\/media\/4709"}],"wp:attachment":[{"href":"https:\/\/magistradoscorrientes.com\/magistrados\/wp-json\/wp\/v2\/media?parent=4701"}],"wp:term":[{"taxonomy":"category","embeddable":true,"href":"https:\/\/magistradoscorrientes.com\/magistrados\/wp-json\/wp\/v2\/categories?post=4701"},{"taxonomy":"post_tag","embeddable":true,"href":"https:\/\/magistradoscorrientes.com\/magistrados\/wp-json\/wp\/v2\/tags?post=4701"}],"curies":[{"name":"wp","href":"https:\/\/api.w.org\/{rel}","templated":true}]}}