{"id":4703,"date":"2017-03-10T21:48:53","date_gmt":"2017-03-11T00:48:53","guid":{"rendered":"http:\/\/magistradoscorrientes.com\/magistrados\/?p=4703"},"modified":"2020-11-17T21:54:18","modified_gmt":"2020-11-18T00:54:18","slug":"actividad-por-el-dia-de-la-mujer-sobre-la-union-convivencial-en-el-nuevo-codigo","status":"publish","type":"post","link":"https:\/\/magistradoscorrientes.com\/magistrados\/actividad-por-el-dia-de-la-mujer-sobre-la-union-convivencial-en-el-nuevo-codigo\/","title":{"rendered":"Actividad por el D\u00eda de la Mujer sobre La Uni\u00f3n Convivencial en el Nuevo C\u00f3digo"},"content":{"rendered":"\n<p>En marco de las conmemoraciones por el D\u00eda Internacional de la Mujer, se realizar\u00e1 en el Colegio de Magistrados una jornada sobre \u201cLa uni\u00f3n convivencial en el Nuevo C\u00f3digo Civil y Comercial Argentino\u201d el pr\u00f3ximo viernes 17 de marzo a las 17 Hs, con destacadas especialistas en la materia.<br>El evento, organizado por la Direcci\u00f3n de Extensionismo de Coe T\u00ed, ser\u00e1 gratuita para asociados y tendr\u00e1 un arancel de $100 para el p\u00fablico en general. Se entregar\u00e1n certificados.<br>La apertura de la jornada estar\u00e1 a cargo de la Sra. Presidente del Colegio de Magistrados, Dra. Luz Gabriela Masferrer y la Dra. Elba B. D. de Tolcachier de Coe T\u00ed realizar\u00e1 un homenaje y reflexi\u00f3n respecto de la tem\u00e1tica convocante. A continuaci\u00f3n la Dra. Nieves de los \u00c1ngeles Cuenca, Presidenta de la Comisi\u00f3n Directiva de Coe T\u00ed, brindar\u00e1 un informe del progreso del consultorio a su cargo.<br>Seguidamente, la actividad tendr\u00e1 como disertante a la Dra. Karina Claudia Feldmann, Jueza de Familia de la Provincia del Chaco, la cual brindar\u00e1 un an\u00e1lisis de la normativa vigente y en la segunda parte, se realizar\u00e1 un Taller participativo dirigido por la Dra. Claudia Kirchhof, Juez de C\u00e1mara Civil, de la Sala 3 de esta ciudad.<br>Para informes e inscripci\u00f3n, dirigirse a Co\u00e9 Ti: Primer Subsuelo de Tribunales de Corrientes -9 de julio 1099- de lunes a viernes.<\/p>\n","protected":false},"excerpt":{"rendered":"<p>En marco de las conmemoraciones por el D\u00eda Internacional de la Mujer, se realizar\u00e1 en el Colegio de Magistrados una jornada sobre \u201cLa uni\u00f3n convivencial en el Nuevo C\u00f3digo Civil y Comercial Argentino\u201d el pr\u00f3ximo viernes 17 de marzo a las 17 Hs, con destacadas especialistas en la materia.El evento, organizado por la Direcci\u00f3n de Extensionismo de Coe T\u00ed, ser\u00e1 [&hellip;]<\/p>\n","protected":false},"author":1,"featured_media":4713,"comment_status":"closed","ping_status":"open","sticky":false,"template":"","format":"standard","meta":{"ngg_post_thumbnail":0},"categories":[13],"tags":[],"_links":{"self":[{"href":"https:\/\/magistradoscorrientes.com\/magistrados\/wp-json\/wp\/v2\/posts\/4703"}],"collection":[{"href":"https:\/\/magistradoscorrientes.com\/magistrados\/wp-json\/wp\/v2\/posts"}],"about":[{"href":"https:\/\/magistradoscorrientes.com\/magistrados\/wp-json\/wp\/v2\/types\/post"}],"author":[{"embeddable":true,"href":"https:\/\/magistradoscorrientes.com\/magistrados\/wp-json\/wp\/v2\/users\/1"}],"replies":[{"embeddable":true,"href":"https:\/\/magistradoscorrientes.com\/magistrados\/wp-json\/wp\/v2\/comments?post=4703"}],"version-history":[{"count":1,"href":"https:\/\/magistradoscorrientes.com\/magistrados\/wp-json\/wp\/v2\/posts\/4703\/revisions"}],"predecessor-version":[{"id":4714,"href":"https:\/\/magistradoscorrientes.com\/magistrados\/wp-json\/wp\/v2\/posts\/4703\/revisions\/4714"}],"wp:featuredmedia":[{"embeddable":true,"href":"https:\/\/magistradoscorrientes.com\/magistrados\/wp-json\/wp\/v2\/media\/4713"}],"wp:attachment":[{"href":"https:\/\/magistradoscorrientes.com\/magistrados\/wp-json\/wp\/v2\/media?parent=4703"}],"wp:term":[{"taxonomy":"category","embeddable":true,"href":"https:\/\/magistradoscorrientes.com\/magistrados\/wp-json\/wp\/v2\/categories?post=4703"},{"taxonomy":"post_tag","embeddable":true,"href":"https:\/\/magistradoscorrientes.com\/magistrados\/wp-json\/wp\/v2\/tags?post=4703"}],"curies":[{"name":"wp","href":"https:\/\/api.w.org\/{rel}","templated":true}]}}