{"id":4735,"date":"2016-12-05T22:28:58","date_gmt":"2016-12-06T01:28:58","guid":{"rendered":"http:\/\/magistradoscorrientes.com\/magistrados\/?p=4735"},"modified":"2020-11-17T22:34:12","modified_gmt":"2020-11-18T01:34:12","slug":"reunion-por-el-proyecto-de-reforma-del-codigo-procesal-de-familia","status":"publish","type":"post","link":"https:\/\/magistradoscorrientes.com\/magistrados\/reunion-por-el-proyecto-de-reforma-del-codigo-procesal-de-familia\/","title":{"rendered":"Reuni\u00f3n por el proyecto de Reforma del C\u00f3digo Procesal de Familia"},"content":{"rendered":"\n<p>El pasado martes, se llev\u00f3 a cabo en la sede del Colegio una reuni\u00f3n entre magistrados y funcionarios del Poder Judicial, y la Diputada Dra. Laura Vischi, autora del proyecto de Reforma al C\u00f3digo Procesal de Familia. La iniciativa fue promovida por la Comisi\u00f3n de Defensa y Tutela del Colegio.<br>En el encuentro, los asistentes plantearon inquietudes referentes al proyecto y la necesidad del dictado de otras leyes complementarias para el funcionamiento del sistema procesal de familia. Adem\u00e1s realizaron observaciones y brindaron aportes en diversos aspectos.<br>La Sra. Presidente del Colegio, Dra. Luz Gabriela Masferrer, presente en la reuni\u00f3n, relat\u00f3 a la Sra. Diputada las acciones encaradas ante la recepci\u00f3n del proyecto que fuera remitido en consulta a este Colegio, refiriendo que el mismo fue enviado a los asociados v\u00eda correo electr\u00f3nico solicitando opiniones. Expres\u00f3 adem\u00e1s, que los jueces con competencia de familia de toda la provincia hicieron de llegar sus aportes mediante nota escrita dirigida a este Colegio, las que ser\u00e1n pr\u00f3ximamente remitidas a la autora del proyecto, junto con otras observaciones que se planteen.<br>Participaron del encuentro, los Dres. Nicol\u00e1s Bonastre, Alicia Figueroa de Ruiz, Fanny Romano, Rosana Duarte L\u00f3pez, Nora Maciel, Patricia Barbis y otros intergantes de la citada comisi\u00f3n, como asimismo las Sras. Jueces de Familia N\u00b01 y 2 de Capital, Dras. Mercedes Sosa y Nora Infante. En tanto que la Diputada Vischi acudi\u00f3 acompa\u00f1ada por el asesor legal Dr. Pomares.<\/p>\n","protected":false},"excerpt":{"rendered":"<p>El pasado martes, se llev\u00f3 a cabo en la sede del Colegio una reuni\u00f3n entre magistrados y funcionarios del Poder Judicial, y la Diputada Dra. Laura Vischi, autora del proyecto de Reforma al C\u00f3digo Procesal de Familia. La iniciativa fue promovida por la Comisi\u00f3n de Defensa y Tutela del Colegio.En el encuentro, los asistentes plantearon inquietudes referentes al proyecto y [&hellip;]<\/p>\n","protected":false},"author":1,"featured_media":4752,"comment_status":"closed","ping_status":"open","sticky":false,"template":"","format":"standard","meta":{"ngg_post_thumbnail":0},"categories":[13],"tags":[],"_links":{"self":[{"href":"https:\/\/magistradoscorrientes.com\/magistrados\/wp-json\/wp\/v2\/posts\/4735"}],"collection":[{"href":"https:\/\/magistradoscorrientes.com\/magistrados\/wp-json\/wp\/v2\/posts"}],"about":[{"href":"https:\/\/magistradoscorrientes.com\/magistrados\/wp-json\/wp\/v2\/types\/post"}],"author":[{"embeddable":true,"href":"https:\/\/magistradoscorrientes.com\/magistrados\/wp-json\/wp\/v2\/users\/1"}],"replies":[{"embeddable":true,"href":"https:\/\/magistradoscorrientes.com\/magistrados\/wp-json\/wp\/v2\/comments?post=4735"}],"version-history":[{"count":1,"href":"https:\/\/magistradoscorrientes.com\/magistrados\/wp-json\/wp\/v2\/posts\/4735\/revisions"}],"predecessor-version":[{"id":4753,"href":"https:\/\/magistradoscorrientes.com\/magistrados\/wp-json\/wp\/v2\/posts\/4735\/revisions\/4753"}],"wp:featuredmedia":[{"embeddable":true,"href":"https:\/\/magistradoscorrientes.com\/magistrados\/wp-json\/wp\/v2\/media\/4752"}],"wp:attachment":[{"href":"https:\/\/magistradoscorrientes.com\/magistrados\/wp-json\/wp\/v2\/media?parent=4735"}],"wp:term":[{"taxonomy":"category","embeddable":true,"href":"https:\/\/magistradoscorrientes.com\/magistrados\/wp-json\/wp\/v2\/categories?post=4735"},{"taxonomy":"post_tag","embeddable":true,"href":"https:\/\/magistradoscorrientes.com\/magistrados\/wp-json\/wp\/v2\/tags?post=4735"}],"curies":[{"name":"wp","href":"https:\/\/api.w.org\/{rel}","templated":true}]}}