{"id":4736,"date":"2016-11-23T22:29:00","date_gmt":"2016-11-24T01:29:00","guid":{"rendered":"http:\/\/magistradoscorrientes.com\/magistrados\/?p=4736"},"modified":"2020-11-17T22:34:57","modified_gmt":"2020-11-18T01:34:57","slug":"el-colegio-dono-un-aire-acondicionado-al-centro-domingo-y-laura","status":"publish","type":"post","link":"https:\/\/magistradoscorrientes.com\/magistrados\/el-colegio-dono-un-aire-acondicionado-al-centro-domingo-y-laura\/","title":{"rendered":"El Colegio don\u00f3 un aire acondicionado al Centro Domingo y Laura"},"content":{"rendered":"\n<p>El pasado martes 15 de noviembre, el Colegio concret\u00f3 la donaci\u00f3n de un aire acondicionado al Centro de Capacitaci\u00f3n Laboral Domingo y Laura, ubicado en el barrio Juan XXIII (Mendoza al sur) que contiene a m\u00e1s de 220 personas, entre ni\u00f1os, j\u00f3venes y adultos. La instituci\u00f3n dicta m\u00e1s de once talleres en los que se encuentran: carpinter\u00eda,\u00a0 cocina, cotill\u00f3n artesanal, teatro, guitarra, reparaci\u00f3n de sistemas de refrigeraci\u00f3n, entre otros. Adem\u00e1s, brinda apoyo escolar a ni\u00f1os y cuenta con una escuela deportiva en la que se practican diferentes disciplinas.\u00a0<br>La Comisi\u00f3n Directiva decidi\u00f3 su donaci\u00f3n por tratarse de un artefacto que qued\u00f3 en desuso tras las \u00faltimas remodelaciones realizadas en el Colegio y se encontraba alojado en el dep\u00f3sito. En representaci\u00f3n de nuestra asociaci\u00f3n concurrieron al Centro Domingo y Laura, la presidente Luz Gabriela Masferrer, y el Dr. Diego N\u00fa\u00f1ez Huel, quienes hicieron entrega del artefacto a los coordinadores del centro, los Sres. Javier Balmaceda, Dar\u00edo Gim\u00e9nez y Jorge Almir\u00f3n. Estos \u00faltimos expresaron su agradecimiento y manifestaron la importancia de la donaci\u00f3n recibida, ya que el aire acondicionado ser\u00e1 de suma utilidad para el sal\u00f3n principal en el que son dictados la mayor parte de los talleres.<br>Esta entrega se dio en marco de las acciones del programa \u201cColegio Solidario\u201d que se viene llevando a cabo en nuestra instituci\u00f3n, y que se encuentra abierta a la participaci\u00f3n y sugerencia de todos los asociados.<\/p>\n","protected":false},"excerpt":{"rendered":"<p>El pasado martes 15 de noviembre, el Colegio concret\u00f3 la donaci\u00f3n de un aire acondicionado al Centro de Capacitaci\u00f3n Laboral Domingo y Laura, ubicado en el barrio Juan XXIII (Mendoza al sur) que contiene a m\u00e1s de 220 personas, entre ni\u00f1os, j\u00f3venes y adultos. La instituci\u00f3n dicta m\u00e1s de once talleres en los que se encuentran: carpinter\u00eda,\u00a0 cocina, cotill\u00f3n artesanal, [&hellip;]<\/p>\n","protected":false},"author":1,"featured_media":4754,"comment_status":"closed","ping_status":"open","sticky":false,"template":"","format":"standard","meta":{"ngg_post_thumbnail":0},"categories":[13],"tags":[],"_links":{"self":[{"href":"https:\/\/magistradoscorrientes.com\/magistrados\/wp-json\/wp\/v2\/posts\/4736"}],"collection":[{"href":"https:\/\/magistradoscorrientes.com\/magistrados\/wp-json\/wp\/v2\/posts"}],"about":[{"href":"https:\/\/magistradoscorrientes.com\/magistrados\/wp-json\/wp\/v2\/types\/post"}],"author":[{"embeddable":true,"href":"https:\/\/magistradoscorrientes.com\/magistrados\/wp-json\/wp\/v2\/users\/1"}],"replies":[{"embeddable":true,"href":"https:\/\/magistradoscorrientes.com\/magistrados\/wp-json\/wp\/v2\/comments?post=4736"}],"version-history":[{"count":1,"href":"https:\/\/magistradoscorrientes.com\/magistrados\/wp-json\/wp\/v2\/posts\/4736\/revisions"}],"predecessor-version":[{"id":4755,"href":"https:\/\/magistradoscorrientes.com\/magistrados\/wp-json\/wp\/v2\/posts\/4736\/revisions\/4755"}],"wp:featuredmedia":[{"embeddable":true,"href":"https:\/\/magistradoscorrientes.com\/magistrados\/wp-json\/wp\/v2\/media\/4754"}],"wp:attachment":[{"href":"https:\/\/magistradoscorrientes.com\/magistrados\/wp-json\/wp\/v2\/media?parent=4736"}],"wp:term":[{"taxonomy":"category","embeddable":true,"href":"https:\/\/magistradoscorrientes.com\/magistrados\/wp-json\/wp\/v2\/categories?post=4736"},{"taxonomy":"post_tag","embeddable":true,"href":"https:\/\/magistradoscorrientes.com\/magistrados\/wp-json\/wp\/v2\/tags?post=4736"}],"curies":[{"name":"wp","href":"https:\/\/api.w.org\/{rel}","templated":true}]}}