{"id":4738,"date":"2016-11-12T22:29:08","date_gmt":"2016-11-13T01:29:08","guid":{"rendered":"http:\/\/magistradoscorrientes.com\/magistrados\/?p=4738"},"modified":"2020-11-17T22:57:39","modified_gmt":"2020-11-18T01:57:39","slug":"resena-del-x-congreso-nacional-de-secretarios","status":"publish","type":"post","link":"https:\/\/magistradoscorrientes.com\/magistrados\/resena-del-x-congreso-nacional-de-secretarios\/","title":{"rendered":"Rese\u00f1a del X Congreso Nacional de Secretarios"},"content":{"rendered":"\n<p>En la Ciudad de Santa Fe, durante los d\u00edas 3 y 4 de noviembre, se realiz\u00f3 el X Congreso Nacional del Secretariado Judicial y del Ministerio P\u00fablico, organizado por la Federaci\u00f3n Argentina de la Magistratura y la Funci\u00f3n Judicial y el Colegio anfitri\u00f3n. Por Corrientes asistieron los Dres. Horacio Pisarello, Silvina Cardozo, Mar\u00eda Jos\u00e9 Barrero Sahagun, Gloria Liliana Pasetto, Mar\u00eda L\u00eda Desimoni, Vilma Lucrecia Maidana, Mar\u00eda Lucrecia Troia, Noem\u00ed Liliana Blanco, Ana Mar\u00eda Scheler, Mar\u00eda Silvia L\u00f3pez Vallejos, Mar\u00eda Florencia Esp\u00edndola, Carlos Picciochi R\u00edos, Andrea Saade, Andrea Martelote y Alicia Zuberb\u00fclher.<br>Los participantes del evento, destacaron la organizaci\u00f3n del mismo, y el espacio de participaci\u00f3n que tuvieron. La Dra. Silvina Cardoso, coment\u00f3 que \u201ccomo es habitual, la provincia de Corrientes, desde el primer congreso, particip\u00f3 activamente en los temas a debatir, llevando las conclusiones arribadas en las Jornadas Preparatorias, permitiendo expresar la voluntad tambi\u00e9n de los Secretarios que no asistieran al Congreso Nacional\u201d.<br>En el Congreso, los asistentes trabajaron en cuatro comisiones: Participaci\u00f3n de los Secretarios en las estructuras asociativas y el reconocimiento de la Comisi\u00f3n Nacional de Secretarios (CNS) en FAM; La funci\u00f3n del Secretario en los nuevos modelos de gesti\u00f3n judicial; Condiciones laborales, situaci\u00f3n remunerativa e impositiva de los Secretarios; y El Secretario y las nuevas tecnolog\u00edas aplicadas a la gesti\u00f3n judicial. Cabe se\u00f1alar que, respetando el federalismo la modalidad del Congreso es la de emitir un voto por provincia, y que la participaci\u00f3n de Corrientes se realiz\u00f3 conforme a lo resuelto en las Jornadas Preparatorias en el mes de octubre.<br>En la Comisi\u00f3n N\u00b0 1 la Dra. Cardoso ofici\u00f3 como moderadora y vot\u00f3 por Corrientes, el Dr. Horacio Pisarello; en la N\u00b0 2 la Dra. Barrero fue designada como secretaria de actas y vot\u00f3 la Dra. Mar\u00eda Lucrecia Troia; en la Comisi\u00f3n N\u00b0 3 particip\u00f3 la Dra. Alicia Zuberb\u00fclher y en la N\u00b0 4 vot\u00f3 por Corrientes la Dra. Gloria Pasetto. Adem\u00e1s la Dra. Luz Gabriela Masferrer, presidente del Colegio de Magistrados y Funcionarios de Corrientes, fue invitada como panelista en la Comisi\u00f3n 1, quien propuso temas inter\u00e9s para ser analizados por los asistentes.<br>La Dra. Cardoso, se\u00f1al\u00f3 que \u201cluego de un intenso debate entre trece provincias participantes, en la Comisi\u00f3n 1 se extrajeron las siguientes conclusiones: *Mayor participaci\u00f3n de los Secretarios en las estructuras asociativas locales con voz y voto,\u00a0 mencionando como ejemplo el estatuto de Corrientes. *Reconocimiento institucional y org\u00e1nico de la Comisi\u00f3n Nacional de Secretarios. *Modificaci\u00f3n del Estatuto de la FAM, respecto del articulado que veda la posibilidad de cubrir cualquier cargo a los Secretarios. * Creaci\u00f3n de una Secretaria de la Defensa de los Secretarios, a cargo de un Secretario a propuesta de la CNS. Y la participaci\u00f3n de un Secretario en la Mesa de Gobierno de la FAM, que sirva de nexo con la CNS, con voz y voto\u201d.<br>Respecto de la Comisi\u00f3n N\u00b02, la Dra. Barrero destac\u00f3 que se trat\u00f3 \u00abel Rol del secretario y las nuevas funciones en las reformas procesales\u00bb. \u201cLo contundente del pedido de nuestra parte fue: nunca ser eliminada la figura del secretario en su funci\u00f3n de fedatario y en la funci\u00f3n t\u00e9cnica jur\u00eddica, como asistente del juez o del fiscal, en cada caso en las reformas procesales\u201d, remarc\u00f3 y agreg\u00f3 que \u201cse insta para que a trav\u00e9s de cada colegio o a trav\u00e9s de la CNS, se lleve el planteamiento ante la FAM, para que en el marco de la pr\u00f3xima reuni\u00f3n del Consejo Directivo, se pueda lograr un intercambio, una respuesta, respecto de que la figura del Secretario no debe ser perdida, y para que en las provincias donde ya hubo reformas procesales y se elimin\u00f3 la figura sea reintegrada a la mayor brevedad posible\u201d.<br>La Comisi\u00f3n 3 trabaj\u00f3 sobre las\u00a0 Condiciones laborales, situaci\u00f3n remunerativa e impositiva de los Secretarios, dando tratamiento a la disparidad de criterios existentes en las distintas provincias, como tambi\u00e9n se propici\u00f3 la incorporaci\u00f3n de un espacio para resoluci\u00f3n de conflictos en el \u00e1mbito laboral. Y en la Comisi\u00f3n 4 se reconoci\u00f3 la necesidad de la implementaci\u00f3n de las nuevas tecnolog\u00edas y de las estructuras adecuadas y de capacitaci\u00f3n continua de los actores del sistema, recursos humanos suficientes y sistemas tecnol\u00f3gicos coordinados con diferentes instituciones. Entre otras Conclusiones, se reafirm\u00f3 la funci\u00f3n del Secretario frente a las nuevas tecnolog\u00edas destacando su calidad como operador del derecho, y aclarando que los instrumentos tecnol\u00f3gicos son herramientas para el desempe\u00f1o del buen servicio de justicia.<br>Por su parte, el Dr. Pisarello coment\u00f3 que \u201cse ve con mucho entusiasmo a las nuevas generaciones que encuentran su espacio para volcar sus inquietudes aline\u00e1ndose a los nuevos paradigmas que nos imponen los instrumentos internacionales para la administraci\u00f3n de justicia; insistiendo en que se debe bregar para fomentar en los nuevos operadores del proceso el respeto a la investidura del superior jer\u00e1rquico, a los pares, y al personal que se tiene a su cargo, sin olvidar que en cada causa hay un justiciable que espera el pronunciamiento del Poder Judicial y eventualmente puede haber un colega en el ejercicio de la profesi\u00f3n que dignifique nuestra noble tarea\u201d.<br>Cabe recordar que el encuentro se viene desarrollando desde el a\u00f1o 2005 y re\u00fane a Secretarios, Prosecretarios, Relatores, Auxiliares Letrados, Funcionarios Judiciales y del Ministerio P\u00fablico de todas las provincias argentinas y de CABA. Adem\u00e1s, en la oportunidad se llev\u00f3 a cabo la tercera reuni\u00f3n del a\u00f1o de la Comisi\u00f3n Nacional de Secretarios, creada en el a\u00f1o 2010 en el Congreso de Mar del Plata, y cont\u00f3 con la presencia del Dr. V\u00edctor V\u00e9lez, presidente de la FAM. \u201cFue para nosotros un compartir m\u00e1s que interesante, ya que el Dr. V\u00e9lez nos dio un puntapi\u00e9 fundamental para que crezcamos y afiancemos lazos como comisi\u00f3n nacional ante la FAM\u201d, coment\u00f3 la Dra. Barrero.<\/p>\n","protected":false},"excerpt":{"rendered":"<p>En la Ciudad de Santa Fe, durante los d\u00edas 3 y 4 de noviembre, se realiz\u00f3 el X Congreso Nacional del Secretariado Judicial y del Ministerio P\u00fablico, organizado por la Federaci\u00f3n Argentina de la Magistratura y la Funci\u00f3n Judicial y el Colegio anfitri\u00f3n. Por Corrientes asistieron los Dres. Horacio Pisarello, Silvina Cardozo, Mar\u00eda Jos\u00e9 Barrero Sahagun, Gloria Liliana Pasetto, Mar\u00eda [&hellip;]<\/p>\n","protected":false},"author":1,"featured_media":4759,"comment_status":"closed","ping_status":"open","sticky":false,"template":"","format":"standard","meta":{"ngg_post_thumbnail":0},"categories":[13],"tags":[],"_links":{"self":[{"href":"https:\/\/magistradoscorrientes.com\/magistrados\/wp-json\/wp\/v2\/posts\/4738"}],"collection":[{"href":"https:\/\/magistradoscorrientes.com\/magistrados\/wp-json\/wp\/v2\/posts"}],"about":[{"href":"https:\/\/magistradoscorrientes.com\/magistrados\/wp-json\/wp\/v2\/types\/post"}],"author":[{"embeddable":true,"href":"https:\/\/magistradoscorrientes.com\/magistrados\/wp-json\/wp\/v2\/users\/1"}],"replies":[{"embeddable":true,"href":"https:\/\/magistradoscorrientes.com\/magistrados\/wp-json\/wp\/v2\/comments?post=4738"}],"version-history":[{"count":1,"href":"https:\/\/magistradoscorrientes.com\/magistrados\/wp-json\/wp\/v2\/posts\/4738\/revisions"}],"predecessor-version":[{"id":4760,"href":"https:\/\/magistradoscorrientes.com\/magistrados\/wp-json\/wp\/v2\/posts\/4738\/revisions\/4760"}],"wp:featuredmedia":[{"embeddable":true,"href":"https:\/\/magistradoscorrientes.com\/magistrados\/wp-json\/wp\/v2\/media\/4759"}],"wp:attachment":[{"href":"https:\/\/magistradoscorrientes.com\/magistrados\/wp-json\/wp\/v2\/media?parent=4738"}],"wp:term":[{"taxonomy":"category","embeddable":true,"href":"https:\/\/magistradoscorrientes.com\/magistrados\/wp-json\/wp\/v2\/categories?post=4738"},{"taxonomy":"post_tag","embeddable":true,"href":"https:\/\/magistradoscorrientes.com\/magistrados\/wp-json\/wp\/v2\/tags?post=4738"}],"curies":[{"name":"wp","href":"https:\/\/api.w.org\/{rel}","templated":true}]}}