{"id":4740,"date":"2016-12-14T22:29:28","date_gmt":"2016-12-15T01:29:28","guid":{"rendered":"http:\/\/magistradoscorrientes.com\/magistrados\/?p=4740"},"modified":"2020-11-17T22:32:20","modified_gmt":"2020-11-18T01:32:20","slug":"sabado-17-asamblea-general-ordinaria-y-asuncion-de-nuevas-autoridades-del-colegio","status":"publish","type":"post","link":"https:\/\/magistradoscorrientes.com\/magistrados\/sabado-17-asamblea-general-ordinaria-y-asuncion-de-nuevas-autoridades-del-colegio\/","title":{"rendered":"S\u00c1BADO 17: Asamblea General Ordinaria y asunci\u00f3n de nuevas autoridades del Colegio"},"content":{"rendered":"\n<p>La Asamblea correspondiente al a\u00f1o 2016 se llevar\u00e1 a cabo el d\u00eda&nbsp; 17 de diciembre de 2016 a las 10 hs. en la sede de nuestro Colegio (Buenos Aires 780 \u2013 Corrientes, Capital). &nbsp;Posteriormente, en la misma sede realizaremos un agasajo informal de fin de a\u00f1o, para compartir un grato momento de camarader\u00eda.&nbsp;<\/p>\n\n\n\n<p><strong>CONVOCATORIA A ASAMBLEA<\/strong><\/p>\n\n\n\n<p>Convocase a los Se\u00f1ores Asociados del Colegio de Magistrados y Funcionarios del Poder Judicial de la Provincia de Corrientes, a la Asamblea General Ordinaria a celebrarse el d\u00eda 17 de diciembre de 2.016, a la hora 10:00 en la Sede Social, sita en calle Buenos Aires 780 de \u00e9sta ciudad, para considerar el siguiente:<\/p>\n\n\n\n<p><strong>Orden del D\u00eda<\/strong><\/p>\n\n\n\n<p>1) Designaci\u00f3n de dos asociados para firmar el Acta de Asamblea.<\/p>\n\n\n\n<p>2) Lectura y Consideraci\u00f3n de la Memoria, Inventario y Estados Contables -Art. 41 inc. a) de los Estatutos- correspondientes al Ejercicio Econ\u00f3mico Financiero N\u00ba 36, iniciado el 01 de Octubre de 2015 y finalizado el 30 de Septiembre de 2.016.<\/p>\n\n\n\n<p>3) Poner en posesi\u00f3n de sus cargos, a las autoridades proclamadas por el Tribunal Electoral para el per\u00edodo 2016\/2018.<\/p>\n\n\n\n<p>CONSEJO DIRECTIVO, CORRIENTES, noviembre 2016.<\/p>\n","protected":false},"excerpt":{"rendered":"<p>La Asamblea correspondiente al a\u00f1o 2016 se llevar\u00e1 a cabo el d\u00eda&nbsp; 17 de diciembre de 2016 a las 10 hs. en la sede de nuestro Colegio (Buenos Aires 780 \u2013 Corrientes, Capital). &nbsp;Posteriormente, en la misma sede realizaremos un agasajo informal de fin de a\u00f1o, para compartir un grato momento de camarader\u00eda.&nbsp; CONVOCATORIA A ASAMBLEA Convocase a los Se\u00f1ores [&hellip;]<\/p>\n","protected":false},"author":1,"featured_media":4748,"comment_status":"closed","ping_status":"open","sticky":false,"template":"","format":"standard","meta":{"ngg_post_thumbnail":0},"categories":[13],"tags":[],"_links":{"self":[{"href":"https:\/\/magistradoscorrientes.com\/magistrados\/wp-json\/wp\/v2\/posts\/4740"}],"collection":[{"href":"https:\/\/magistradoscorrientes.com\/magistrados\/wp-json\/wp\/v2\/posts"}],"about":[{"href":"https:\/\/magistradoscorrientes.com\/magistrados\/wp-json\/wp\/v2\/types\/post"}],"author":[{"embeddable":true,"href":"https:\/\/magistradoscorrientes.com\/magistrados\/wp-json\/wp\/v2\/users\/1"}],"replies":[{"embeddable":true,"href":"https:\/\/magistradoscorrientes.com\/magistrados\/wp-json\/wp\/v2\/comments?post=4740"}],"version-history":[{"count":1,"href":"https:\/\/magistradoscorrientes.com\/magistrados\/wp-json\/wp\/v2\/posts\/4740\/revisions"}],"predecessor-version":[{"id":4749,"href":"https:\/\/magistradoscorrientes.com\/magistrados\/wp-json\/wp\/v2\/posts\/4740\/revisions\/4749"}],"wp:featuredmedia":[{"embeddable":true,"href":"https:\/\/magistradoscorrientes.com\/magistrados\/wp-json\/wp\/v2\/media\/4748"}],"wp:attachment":[{"href":"https:\/\/magistradoscorrientes.com\/magistrados\/wp-json\/wp\/v2\/media?parent=4740"}],"wp:term":[{"taxonomy":"category","embeddable":true,"href":"https:\/\/magistradoscorrientes.com\/magistrados\/wp-json\/wp\/v2\/categories?post=4740"},{"taxonomy":"post_tag","embeddable":true,"href":"https:\/\/magistradoscorrientes.com\/magistrados\/wp-json\/wp\/v2\/tags?post=4740"}],"curies":[{"name":"wp","href":"https:\/\/api.w.org\/{rel}","templated":true}]}}