{"id":4742,"date":"2016-12-11T22:29:29","date_gmt":"2016-12-12T01:29:29","guid":{"rendered":"http:\/\/magistradoscorrientes.com\/magistrados\/?p=4742"},"modified":"2020-11-17T22:33:20","modified_gmt":"2020-11-18T01:33:20","slug":"resena-sobre-la-99-asamblea-de-la-junta-de-gobierno-de-fam","status":"publish","type":"post","link":"https:\/\/magistradoscorrientes.com\/magistrados\/resena-sobre-la-99-asamblea-de-la-junta-de-gobierno-de-fam\/","title":{"rendered":"Rese\u00f1a sobre la 99\u00b0 Asamblea de la Junta de Gobierno de FAM"},"content":{"rendered":"\n<p>En la sede de la Federaci\u00f3n Argentina de la Magistratura y la Funci\u00f3n Judicial (FAM) de la ciudad aut\u00f3noma de Buenos Aires, se llev\u00f3 a cabo los d\u00edas 1 y 2 de diciembre la 99\u00b0 Asamblea de Junta de Gobierno de la cual participaron representantes de todas las asociaciones y colegios de magistrados de las provincias argentinas.<br>Por Corrientes asistieron, la presidente del Colegio Dra. Luz Gabriela Masferrer, la Dra. Anal\u00eda Durand De Cassis, en su car\u00e1cter de directora del Instituto de Investigaciones Judiciales de la FAM y la Dra. Silvina Cardoso, como integrante de la Comisi\u00f3n Nacional de Secretarios, a efectos de acompa\u00f1ar la presentaci\u00f3n de las conclusiones de la Comisi\u00f3n N\u00b0 1 del Congreso Nacional de Secretarios realizado el pasado mes de noviembre.<br>En su informe de presidencia, el Dr. V\u00edctor V\u00e9lez hizo referencia al\u00a0 convenio suscripto con el Ministro de Justicia de la Naci\u00f3n, Dr. Germ\u00e1n Garavano, a trav\u00e9s del cual se presenta la posibilidad de financiamiento de programas de capacitaci\u00f3n judicial en las asociaciones y colegios de las provincias. En principio, ser\u00edan tres los proyectos lanzados a trav\u00e9s de FAM referentes a: \u00c9tica Judicial, Consejo de la Magistratura y Jury de Enjuiciamiento y fondos especiales para equiparaci\u00f3n salarial e infraestructura judicial. Al respecto, varias provincias expusieron propuestas, y por Corrientes se present\u00f3 un proyecto de capacitaci\u00f3n en gesti\u00f3n judicial, que ser\u00e1 evaluado por el Ministerio.<br>Posteriormente, al momento de las presentaciones de informes de las provincias, se plantearon problemas con respecto a los Consejos de la Magistratura de las distintas jurisdicciones y con las Cortes y superiores tribunales provinciales. Al respecto, la Dra. Masferrer solicit\u00f3 que la Junta de Gobierno se expida respecto de las facultades que tienen los colegios para peticionar en defensa de los intereses de sus asociados ante los distintos organismos. La Junta manifest\u00f3 su respaldo y solidaridad para con la presentaci\u00f3n por Corrientes, lo cual fue plasmado en el punto N\u00b0 6 de la Declaraci\u00f3n (VER ARCHIVO ADJUNTO).<br>Siguiendo con el informe de provincias, se hizo referencia a la cuesti\u00f3n salarial advirtiendo notables diferencias entre las distintas jurisdicciones. Se present\u00f3 la nueva planilla que establece la \u201cmedia\u201d de haberes a nivel nacional, la cual\u00a0 reflej\u00f3 que los actuales sueldos de Corrientes no alcanzan dicho promedio, ubic\u00e1ndose los mismos por debajo de la l\u00ednea.<br>En otro punto, la Junta trat\u00f3 la cobertura de la vacante de la Vicepresidencia 1a, determin\u00e1ndose que el cargo corresponde Buenos Aires, provincia a la que representaba la fallecida Dra. Margarita Tropeano.<br>Cabe se\u00f1alar que en el marco de la Asamblea, la Dra. Durand de Cassis present\u00f3 a la presidencia el proyecto de \u00c9tica Judicial, sugiriendo que el lanzamiento se realice desde Corrientes y sea replicado en cada provincia.<br>La Dra. Silvina Cardoso expuso junto a otros miembros de la Comisi\u00f3n Nacional de Secretarios, las conclusiones del Congreso Nacional del Secretariado Judicial respecto de la participaci\u00f3n de los Secretarios en las estructuras estatutarias de la Federaci\u00f3n, formulando petitorios para el tratamiento del tema en pr\u00f3ximas reuniones de Junta de Gobierno de FAM.<br>En el encuentro, se fij\u00f3 tambi\u00e9n que las Jornadas Cient\u00edficas de la Magistratura se realizar\u00e1n el pr\u00f3ximo a\u00f1o en el mes de junio en Salta, y el Congreso Nacional de Secretarios tendr\u00e1 lugar en la ciudad de Puerto Madryn en el mes de septiembre. En tanto que la pr\u00f3xima reuni\u00f3n de Junta de Gobierno se realizar\u00e1 en marzo en la ciudad de Buenos Aires.<\/p>\n","protected":false},"excerpt":{"rendered":"<p>En la sede de la Federaci\u00f3n Argentina de la Magistratura y la Funci\u00f3n Judicial (FAM) de la ciudad aut\u00f3noma de Buenos Aires, se llev\u00f3 a cabo los d\u00edas 1 y 2 de diciembre la 99\u00b0 Asamblea de Junta de Gobierno de la cual participaron representantes de todas las asociaciones y colegios de magistrados de las provincias argentinas.Por Corrientes asistieron, la [&hellip;]<\/p>\n","protected":false},"author":1,"featured_media":4750,"comment_status":"closed","ping_status":"open","sticky":false,"template":"","format":"standard","meta":{"ngg_post_thumbnail":0},"categories":[13],"tags":[],"_links":{"self":[{"href":"https:\/\/magistradoscorrientes.com\/magistrados\/wp-json\/wp\/v2\/posts\/4742"}],"collection":[{"href":"https:\/\/magistradoscorrientes.com\/magistrados\/wp-json\/wp\/v2\/posts"}],"about":[{"href":"https:\/\/magistradoscorrientes.com\/magistrados\/wp-json\/wp\/v2\/types\/post"}],"author":[{"embeddable":true,"href":"https:\/\/magistradoscorrientes.com\/magistrados\/wp-json\/wp\/v2\/users\/1"}],"replies":[{"embeddable":true,"href":"https:\/\/magistradoscorrientes.com\/magistrados\/wp-json\/wp\/v2\/comments?post=4742"}],"version-history":[{"count":1,"href":"https:\/\/magistradoscorrientes.com\/magistrados\/wp-json\/wp\/v2\/posts\/4742\/revisions"}],"predecessor-version":[{"id":4751,"href":"https:\/\/magistradoscorrientes.com\/magistrados\/wp-json\/wp\/v2\/posts\/4742\/revisions\/4751"}],"wp:featuredmedia":[{"embeddable":true,"href":"https:\/\/magistradoscorrientes.com\/magistrados\/wp-json\/wp\/v2\/media\/4750"}],"wp:attachment":[{"href":"https:\/\/magistradoscorrientes.com\/magistrados\/wp-json\/wp\/v2\/media?parent=4742"}],"wp:term":[{"taxonomy":"category","embeddable":true,"href":"https:\/\/magistradoscorrientes.com\/magistrados\/wp-json\/wp\/v2\/categories?post=4742"},{"taxonomy":"post_tag","embeddable":true,"href":"https:\/\/magistradoscorrientes.com\/magistrados\/wp-json\/wp\/v2\/tags?post=4742"}],"curies":[{"name":"wp","href":"https:\/\/api.w.org\/{rel}","templated":true}]}}