{"id":4743,"date":"2016-12-19T22:29:28","date_gmt":"2016-12-20T01:29:28","guid":{"rendered":"http:\/\/magistradoscorrientes.com\/magistrados\/?p=4743"},"modified":"2020-11-17T22:31:30","modified_gmt":"2020-11-18T01:31:30","slug":"el-colegio-de-magistrados-y-funcionarios-del-poder-judicial-cerro-el-ano-con-aprobacion-de-balances-y-asuncion-de-autoridades","status":"publish","type":"post","link":"https:\/\/magistradoscorrientes.com\/magistrados\/el-colegio-de-magistrados-y-funcionarios-del-poder-judicial-cerro-el-ano-con-aprobacion-de-balances-y-asuncion-de-autoridades\/","title":{"rendered":"El Colegio de Magistrados y Funcionarios del Poder Judicial cerr\u00f3 el a\u00f1o con aprobaci\u00f3n de balances y asunci\u00f3n de autoridades"},"content":{"rendered":"\n<p>El Colegio de Magistrados y Funcionarios del Poder Judicial de Corrientes llev\u00f3 a cabo el pasado s\u00e1bado 17 de diciembre la Asamblea General Ordinaria en la cual se aprobaron la Memoria, Balance e Inventario correspondientes al per\u00edodo 2016. En la oportunidad, asumieron tambi\u00e9n las nuevas autoridades electas para el per\u00edodo 2017 &#8211; 2018, encabezadas por la Dra. Luz Gabriela Masferrer, quien cumplir\u00e1 su segundo per\u00edodo al frente de la asociaci\u00f3n.<br>En la sede del Colegio de calle Buenos Aires, se desarroll\u00f3 la asamblea que cont\u00f3 con la participaci\u00f3n de m\u00e1s de cien asociados del interior de la provincia y de Capital. La misma fue presidida por las autoridades salientes: Dra. Luz Masferrer \u2013quien renueva su mandato como Presidente del Colegio-, el Vicepresidente 1\u00b0 Dr. Buenaventura Duarte y la Vicepresidente 2a Dra. Rosa Beatriz Batalla.<br>El encuentro se desarroll\u00f3 de manera amena y dio inicio con un completo informe de Presidencia en el que la Dra. Masferrer present\u00f3 acciones, gestiones, actividades y programas llevados a cabo por el Colegio tanto a nivel local, como provincial y nacional, estos \u00faltimos a trav\u00e9s de la Federaci\u00f3n Argentina de la Magistratura en la cual el Colegio de Corrientes tiene una activa participaci\u00f3n. Se destac\u00f3 adem\u00e1s en la oportunidad, el trabajo realizado por las distintas comisiones del Colegio que representan a los distintos fueros y estamentos del Poder Judicial, como as\u00ed tambi\u00e9n a la labor realizada en conjunto con otras instituciones y organismos estatales.\u00a0<br>Posteriormente se realiz\u00f3 una entrega de reconocimientos a los miembros de Consejo Directivo, Tribunal de Disciplina y Comisi\u00f3n Revisora de Cuentas, y luego se procedi\u00f3 a tomar posesi\u00f3n de los cargos a las flamantes autoridades proclamadas por el Tribunal Electoral del Colegio, las que pertenecen a la \u00fanica lista presentada al llamado de elecciones, denominada \u201cUnidad\u201d.<br>Luego de la asignaci\u00f3n de los respectivos cargos, la nueva conducci\u00f3n qued\u00f3 conformada por su Presidente la Dra. Luz Gabriela Masferrer y los integrantes del Consejo Directivo, Dres. Nicol\u00e1s Bonastre, (Vicepresidente 1\u00b0), Dra. Elsa L\u00f3pez (Vicepreidente 2a), Dr. Horacio Alberto Pisarello (Secretario General), Dr. Diego N\u00fa\u00f1ez Huel (Tesorero), Dra. Mar\u00eda Jose Barrero Sahagun (Secretaria de Actas), Dr. Jorge Antonio Carbone (Pro-Secretario de Actas) y la Dra. Patricia Adriana Barbis (Protesorera); en tanto que como vocales titulares asumieron los Dres. Mar\u00eda Mercedes Sosa, Jorge Gustavo Vallejos, Mar\u00eda Elena Marambio, Ram\u00f3n Alfredo Aquino, Eugenio Ram\u00f3n Balbastro, Gloria Liliana Pasetto.<br>Al finalizar el encuentro, la presidente Dra. Masferrer, convoc\u00f3 a todos los asociados a trabajar para fortalecer la unidad del Colegio de Magistrados, destac\u00f3 el sentido y la vocaci\u00f3n asociacionista que los inspira y resalt\u00f3 que \u00abde cara a la nueva etapa, buscaremos enriquecer la gesti\u00f3n con las visiones de los diversos sectores y estamentos que componen el Colegio, consolidando los logros obtenidos y afrontando los nuevos desaf\u00edos\u00bb.<\/p>\n\n\n\n<p><em>** Ver m\u00e1s fotos de la Asambea General Ordinaria en secci\u00f3n \u00abGaler\u00edas\u00bb<\/em><img src=\"http:\/\/127.0.0.1\/notix\/images\/linea-desplegada.jpg\" alt=\"\"><\/p>\n\n\n\n<p id=\"titulo\"><\/p>\n","protected":false},"excerpt":{"rendered":"<p>El Colegio de Magistrados y Funcionarios del Poder Judicial de Corrientes llev\u00f3 a cabo el pasado s\u00e1bado 17 de diciembre la Asamblea General Ordinaria en la cual se aprobaron la Memoria, Balance e Inventario correspondientes al per\u00edodo 2016. En la oportunidad, asumieron tambi\u00e9n las nuevas autoridades electas para el per\u00edodo 2017 &#8211; 2018, encabezadas por la Dra. Luz Gabriela Masferrer, [&hellip;]<\/p>\n","protected":false},"author":1,"featured_media":4746,"comment_status":"closed","ping_status":"open","sticky":false,"template":"","format":"standard","meta":{"ngg_post_thumbnail":0},"categories":[13],"tags":[],"_links":{"self":[{"href":"https:\/\/magistradoscorrientes.com\/magistrados\/wp-json\/wp\/v2\/posts\/4743"}],"collection":[{"href":"https:\/\/magistradoscorrientes.com\/magistrados\/wp-json\/wp\/v2\/posts"}],"about":[{"href":"https:\/\/magistradoscorrientes.com\/magistrados\/wp-json\/wp\/v2\/types\/post"}],"author":[{"embeddable":true,"href":"https:\/\/magistradoscorrientes.com\/magistrados\/wp-json\/wp\/v2\/users\/1"}],"replies":[{"embeddable":true,"href":"https:\/\/magistradoscorrientes.com\/magistrados\/wp-json\/wp\/v2\/comments?post=4743"}],"version-history":[{"count":1,"href":"https:\/\/magistradoscorrientes.com\/magistrados\/wp-json\/wp\/v2\/posts\/4743\/revisions"}],"predecessor-version":[{"id":4747,"href":"https:\/\/magistradoscorrientes.com\/magistrados\/wp-json\/wp\/v2\/posts\/4743\/revisions\/4747"}],"wp:featuredmedia":[{"embeddable":true,"href":"https:\/\/magistradoscorrientes.com\/magistrados\/wp-json\/wp\/v2\/media\/4746"}],"wp:attachment":[{"href":"https:\/\/magistradoscorrientes.com\/magistrados\/wp-json\/wp\/v2\/media?parent=4743"}],"wp:term":[{"taxonomy":"category","embeddable":true,"href":"https:\/\/magistradoscorrientes.com\/magistrados\/wp-json\/wp\/v2\/categories?post=4743"},{"taxonomy":"post_tag","embeddable":true,"href":"https:\/\/magistradoscorrientes.com\/magistrados\/wp-json\/wp\/v2\/tags?post=4743"}],"curies":[{"name":"wp","href":"https:\/\/api.w.org\/{rel}","templated":true}]}}