{"id":4774,"date":"2016-10-28T23:00:44","date_gmt":"2016-10-29T02:00:44","guid":{"rendered":"http:\/\/magistradoscorrientes.com\/magistrados\/?p=4774"},"modified":"2020-11-17T23:10:00","modified_gmt":"2020-11-18T02:10:00","slug":"con-nutrida-concurrencia-comenzaron-las-actividades-academicas-organizadas-por-el-dia-del-magistrado-y-la-funcion-judicial","status":"publish","type":"post","link":"https:\/\/magistradoscorrientes.com\/magistrados\/con-nutrida-concurrencia-comenzaron-las-actividades-academicas-organizadas-por-el-dia-del-magistrado-y-la-funcion-judicial\/","title":{"rendered":"Con nutrida concurrencia, comenzaron las actividades acad\u00e9micas organizadas por el D\u00eda del Magistrado y la Funci\u00f3n Judicial"},"content":{"rendered":"\n<p><br>La semana pasada dieron inicio los eventos organizados por el Colegio de Magistrados y Funcionarios del Poder Judicial de Corrientes con motivo de agasajar a sus asociados. El pasado mi\u00e9rcoles la Orquesta Sinf\u00f3nica de la Provincia dio un magn\u00edfico concierto en el sal\u00f3n de conferencias, mientras que el jueves inici\u00f3 el ciclo \u201cImpacto del Nuevo C\u00f3digo Civil y Comercial de la Naci\u00f3n en las Registraciones\u201d \u2013que contin\u00faa esta semana- y el viernes se desarroll\u00f3 una Jornada sobre \u201cLa situaci\u00f3n del menor en el CCC\u201d.<\/p>\n\n\n\n<p>Una gran presentaci\u00f3n con m\u00e1s de 40 m\u00fasicos en escena se llev\u00f3 a cabo en la sede del Colegio el d\u00eda 21 de septiembre. Bajo la direcci\u00f3n de Andrea Fusco, la Orquesta Sinf\u00f3nica se sum\u00f3 a los festejos del D\u00eda del Magistrado y la Funci\u00f3n Judicial con un espect\u00e1culo que tuvo dos partes, la primera const\u00f3 en una selecci\u00f3n de m\u00fasica cl\u00e1sica y luego un segmento con un recorrido por los sabores t\u00edpico del tango. La directora de orquesta, agradeci\u00f3 el espacio brindado por el Colegio y destac\u00f3 el lugar f\u00edsico se\u00f1alado que \u201ctiene una ac\u00fastica espectacular\u201d, manifestando la voluntad de continuar trabajando con el Colegio en conjunto a futuro.<\/p>\n\n\n\n<p>En lo acad\u00e9mico, el d\u00eda jueves se realiz\u00f3 la primera jornada del \u201cImpacto del Nuevo C\u00f3digo Civil y Comercial de la Naci\u00f3n en las Registraciones\u201d con la exposici\u00f3n del escribano Marcos Amarilla y la Dra. Mar\u00eda Gloria Noguera, ambos del Registro Provincial de las Personas, respecto a registraci\u00f3n de nombres, nacimientos, apellidos, matrimonios, uniones convivenciales, pactos matrimoniales, filiaci\u00f3n e incorporaci\u00f3n en el Nuevo C\u00f3digo del nacimiento mediante t\u00e9cnicas de reproducci\u00f3n asistidas, entre otros.<\/p>\n\n\n\n<p>Por otra parte, el d\u00eda viernes en horas de la tarde se desarroll\u00f3 una charla sobre \u201cLa Situaci\u00f3n del Menor en el Nuevo C\u00f3digo Civil Argentino\u201d, organizada en conjunto con la Asociaci\u00f3n Interdisciplinaria de Protecci\u00f3n Familiar Coe-Ti, la cual cont\u00f3 con un importante marco de p\u00fablico que asisti\u00f3 a las exposiciones de las Dras. Anal\u00eda Durand de Cassis,&nbsp; referente del Poder Judicial de Corrientes en cuestiones de g\u00e9nero, ante la oficina de la Mujer de la Suprema Corte; Nieves de los \u00c1ngeles Cuenca, Presidenta de la Comisi\u00f3n Directiva de Coet\u00ed; Elba B D de Tolcachier; Karina Claudia Feldmann, titular de la C\u00e1tedra I de Familia de la Facultad de Derecho de la UNNE y Juez de Familia del Chaco, Claudia Kirchhof, Juez de la C\u00e1mara Civil Sala 3; y&nbsp; la Irma Dom\u00ednguez, Juez de Menores N\u00ba 2.<\/p>\n\n\n\n<p>Las actividades continuar\u00e1n esta semana con las jornadas del \u00abImpacto del Nuevo C\u00f3digo Civil y Comercial de la Naci\u00f3n en las Registraciones\u201d con una jornada el d\u00eda mi\u00e9rcoles 28 a cargo de Jos\u00e9 Pelozo y V\u00edctor Gonz\u00e1lez Sotelo de la Inspecci\u00f3n General de Personas Jur\u00eddicas y el jueves 29 con la exposici\u00f3n a cargo de la escribana Mar\u00eda Eugenia Demetrio, Directora del Registro de la Propiedad. La modalidad de estos encuentros es similar a la de los anteriores, con entrada libre y gratuita, dirigida al p\u00fablico en general.<img src=\"http:\/\/127.0.0.1\/notix\/images\/linea-desplegada.jpg\" alt=\"\"><\/p>\n\n\n\n<p id=\"titulo\"><strong>RELACIONADOS<br><\/strong><a href=\"http:\/\/127.0.0.1\/notix\/desarrollogaleria\/43\/Orquesta-Sinf%C3%B3nica-de-la-Provincia-en-el-Colegio---D%C3%ADa-del-Magistrado\"><\/a><br><strong>Parse error<\/strong>: syntax error, unexpected &#8216;endif&#8217; (T_ENDIF) in&nbsp;<strong>C:\\xampp\\htdocs\\notix\\inc.col-der.php<\/strong>&nbsp;on line&nbsp;<strong>38<\/strong><\/p>\n","protected":false},"excerpt":{"rendered":"<p>La semana pasada dieron inicio los eventos organizados por el Colegio de Magistrados y Funcionarios del Poder Judicial de Corrientes con motivo de agasajar a sus asociados. El pasado mi\u00e9rcoles la Orquesta Sinf\u00f3nica de la Provincia dio un magn\u00edfico concierto en el sal\u00f3n de conferencias, mientras que el jueves inici\u00f3 el ciclo \u201cImpacto del Nuevo C\u00f3digo Civil y Comercial de [&hellip;]<\/p>\n","protected":false},"author":1,"featured_media":4789,"comment_status":"closed","ping_status":"open","sticky":false,"template":"","format":"standard","meta":{"ngg_post_thumbnail":0},"categories":[13],"tags":[],"_links":{"self":[{"href":"https:\/\/magistradoscorrientes.com\/magistrados\/wp-json\/wp\/v2\/posts\/4774"}],"collection":[{"href":"https:\/\/magistradoscorrientes.com\/magistrados\/wp-json\/wp\/v2\/posts"}],"about":[{"href":"https:\/\/magistradoscorrientes.com\/magistrados\/wp-json\/wp\/v2\/types\/post"}],"author":[{"embeddable":true,"href":"https:\/\/magistradoscorrientes.com\/magistrados\/wp-json\/wp\/v2\/users\/1"}],"replies":[{"embeddable":true,"href":"https:\/\/magistradoscorrientes.com\/magistrados\/wp-json\/wp\/v2\/comments?post=4774"}],"version-history":[{"count":1,"href":"https:\/\/magistradoscorrientes.com\/magistrados\/wp-json\/wp\/v2\/posts\/4774\/revisions"}],"predecessor-version":[{"id":4790,"href":"https:\/\/magistradoscorrientes.com\/magistrados\/wp-json\/wp\/v2\/posts\/4774\/revisions\/4790"}],"wp:featuredmedia":[{"embeddable":true,"href":"https:\/\/magistradoscorrientes.com\/magistrados\/wp-json\/wp\/v2\/media\/4789"}],"wp:attachment":[{"href":"https:\/\/magistradoscorrientes.com\/magistrados\/wp-json\/wp\/v2\/media?parent=4774"}],"wp:term":[{"taxonomy":"category","embeddable":true,"href":"https:\/\/magistradoscorrientes.com\/magistrados\/wp-json\/wp\/v2\/categories?post=4774"},{"taxonomy":"post_tag","embeddable":true,"href":"https:\/\/magistradoscorrientes.com\/magistrados\/wp-json\/wp\/v2\/tags?post=4774"}],"curies":[{"name":"wp","href":"https:\/\/api.w.org\/{rel}","templated":true}]}}