{"id":4848,"date":"2016-05-20T19:07:20","date_gmt":"2016-05-20T22:07:20","guid":{"rendered":"http:\/\/magistradoscorrientes.com\/magistrados\/?p=4848"},"modified":"2020-11-19T19:38:52","modified_gmt":"2020-11-19T22:38:52","slug":"magistrados-y-funcionarios-de-diversos-fueros-del-poder-judicial-se-capacitaron-en-redaccion-y-argumentacion-de-sentencias","status":"publish","type":"post","link":"https:\/\/magistradoscorrientes.com\/magistrados\/magistrados-y-funcionarios-de-diversos-fueros-del-poder-judicial-se-capacitaron-en-redaccion-y-argumentacion-de-sentencias\/","title":{"rendered":"Magistrados y Funcionarios de diversos fueros del Poder Judicial se capacitaron en redacci\u00f3n y argumentaci\u00f3n de sentencias"},"content":{"rendered":"\n<p>El pasado viernes se realiz\u00f3 en el Colegio de Magistrados el primer \u00abTaller Te\u00f3rico Pr\u00e1ctico de Argumentaci\u00f3n e Interpretaci\u00f3n de Sentencias\u00bb a cargo del Dr. Sergio L\u00f3pez Pereyra, con un importante marco de asistentes pertenecientes a distintos fueros de la Justicia Provincial. La iniciativa se concret\u00f3 como parte de la actividad de extensi\u00f3n del grupo de investigaci\u00f3n de la UNNE que el profesor dirige, y continuar\u00e1 el 10 de junio tambi\u00e9n en la sede de Buenos Aires 780.<\/p>\n\n\n\n<p>La actividad, que dio inicio a las 17 Hs. con la apertura a cargo del Dr. Buenaventura Duarte, Vicepresidente 1\u00b0 del Colegio, consisti\u00f3 en el desarrollo de un taller basado en cuestiones pr\u00e1cticas de modos de argumentaci\u00f3n y redacci\u00f3n de sentencias de acuerdo a los est\u00e1ndares internacionales aceptados por la Comunidad Econ\u00f3mica Europea y otros pa\u00edses como Estados Unidos e Inglaterra, quienes han uniformado los modos de elaboraci\u00f3n de las resoluciones judiciales, respecto del tipo de argumento y lenguaje que debe usarse.<\/p>\n\n\n\n<p>Seg\u00fan explic\u00f3 el Dr. L\u00f3pez Pereyra \u201cel objetivo de estos talleres es analizar efectos y fallas habituales que se dan en la pr\u00e1ctica judicial vinculados al uso de f\u00f3rmulas vac\u00edas ret\u00f3ricas y de \u2018solecismos\u2019 que son tipos de fallas en el modo de redacci\u00f3n; no desde un punto de vista ling\u00fc\u00edstico si no desde el punto de vista operativo de la labor diaria de los jueces\u201d. En este sentido aclar\u00f3 que \u201cno son talleres para ense\u00f1ar a redactar, sino que es un \u00e1mbito de reflexi\u00f3n sobre el modo de argumentar y escribir las disposiciones, para dar m\u00e1s sencillez y mayor claridad a los pronunciamientos judiciales, teniendo en cuenta que los destinatarios no son abogados sino centralmente personas comunes que necesitan tener acceso claro y sencillo\u201d.<\/p>\n\n\n\n<p>El disertante destac\u00f3 la iniciativa del Colegio de Magistrados que pone al alcance de sus asociados herramientas pr\u00e1cticas y soluciones concretas que desde la Universidad estamos intentando propulsar. \u201cQuiero felicitar a la Instituci\u00f3n ya que las expectativas se cumplieron ampliamente tanto por el n\u00famero de personas que concurrieron, como as\u00ed tambi\u00e9n por el hecho de que los asistentes son personas que se desenvuelven en los diversos fueros, tienen distintas jerarqu\u00edas de responsabilidades y corresponden a distintas generaciones. Ha sido un logro muy positivo\u201d, calific\u00f3.<\/p>\n\n\n\n<p>Por otra parte, L\u00f3pez Pereyra se\u00f1al\u00f3 que en el encuentro del pr\u00f3ximo 10 de junio se profundizar\u00e1 en los comentarios, las discusiones y los temas planteados en el taller del pasado viernes y se realizar\u00e1 un examen \u201cde paralogismos l\u00f3gicos y falacias en las que se incurre cuando no se tiene las herramientas adecuadas para la comprensi\u00f3n de argumentos, tantas las que brindan las partes en un juicio como tambi\u00e9n los propios jueces al momento de dictar la sentencia\u201d. No obstante, aclar\u00f3 que la invitaci\u00f3n est\u00e1 abierta tambi\u00e9n a personas que no hayan participado de la primera edici\u00f3n del taller y est\u00e9n interesados en sumarse. Posteriormente, habr\u00e1 un tercer encuentro programado para el 1\u00b0 de julio del corriente a\u00f1o.<\/p>\n","protected":false},"excerpt":{"rendered":"<p>El pasado viernes se realiz\u00f3 en el Colegio de Magistrados el primer \u00abTaller Te\u00f3rico Pr\u00e1ctico de Argumentaci\u00f3n e Interpretaci\u00f3n de Sentencias\u00bb a cargo del Dr. Sergio L\u00f3pez Pereyra, con un importante marco de asistentes pertenecientes a distintos fueros de la Justicia Provincial. La iniciativa se concret\u00f3 como parte de la actividad de extensi\u00f3n del grupo de investigaci\u00f3n de la UNNE [&hellip;]<\/p>\n","protected":false},"author":1,"featured_media":4921,"comment_status":"closed","ping_status":"open","sticky":false,"template":"","format":"standard","meta":{"ngg_post_thumbnail":0},"categories":[13],"tags":[],"_links":{"self":[{"href":"https:\/\/magistradoscorrientes.com\/magistrados\/wp-json\/wp\/v2\/posts\/4848"}],"collection":[{"href":"https:\/\/magistradoscorrientes.com\/magistrados\/wp-json\/wp\/v2\/posts"}],"about":[{"href":"https:\/\/magistradoscorrientes.com\/magistrados\/wp-json\/wp\/v2\/types\/post"}],"author":[{"embeddable":true,"href":"https:\/\/magistradoscorrientes.com\/magistrados\/wp-json\/wp\/v2\/users\/1"}],"replies":[{"embeddable":true,"href":"https:\/\/magistradoscorrientes.com\/magistrados\/wp-json\/wp\/v2\/comments?post=4848"}],"version-history":[{"count":1,"href":"https:\/\/magistradoscorrientes.com\/magistrados\/wp-json\/wp\/v2\/posts\/4848\/revisions"}],"predecessor-version":[{"id":4922,"href":"https:\/\/magistradoscorrientes.com\/magistrados\/wp-json\/wp\/v2\/posts\/4848\/revisions\/4922"}],"wp:featuredmedia":[{"embeddable":true,"href":"https:\/\/magistradoscorrientes.com\/magistrados\/wp-json\/wp\/v2\/media\/4921"}],"wp:attachment":[{"href":"https:\/\/magistradoscorrientes.com\/magistrados\/wp-json\/wp\/v2\/media?parent=4848"}],"wp:term":[{"taxonomy":"category","embeddable":true,"href":"https:\/\/magistradoscorrientes.com\/magistrados\/wp-json\/wp\/v2\/categories?post=4848"},{"taxonomy":"post_tag","embeddable":true,"href":"https:\/\/magistradoscorrientes.com\/magistrados\/wp-json\/wp\/v2\/tags?post=4848"}],"curies":[{"name":"wp","href":"https:\/\/api.w.org\/{rel}","templated":true}]}}